{"id":36848,"date":"2025-06-23T11:03:28","date_gmt":"2025-06-23T14:03:28","guid":{"rendered":"https:\/\/radioimprensa.com.br\/?p=36848"},"modified":"2025-06-23T11:03:29","modified_gmt":"2025-06-23T14:03:29","slug":"nova-lei-proibe-tatuagem-e-piercing-com-fins-esteticos-em-pets","status":"publish","type":"post","link":"https:\/\/radioimprensa.com.br\/index.php\/2025\/06\/23\/nova-lei-proibe-tatuagem-e-piercing-com-fins-esteticos-em-pets\/","title":{"rendered":"Nova lei pro\u00edbe tatuagem e piercing, com fins est\u00e9ticos, em pets"},"content":{"rendered":"\n<p>A Lei 15.150\/25 pro\u00edbe a realiza\u00e7\u00e3o de tatuagens ou coloca\u00e7\u00e3o de piercings com fins est\u00e9ticos em c\u00e3es e gatos. A norma, publicada no Di\u00e1rio Oficial da Uni\u00e3o (DOU) desta ter\u00e7a-feira (17) estabelece a pena de reclus\u00e3o de dois a cinco anos e multa, al\u00e9m da perda da guarda do animal, para quem fizer ou permitir que seja feito o procedimento.<\/p>\n\n\n\n<p>A nova lei teve origem no Projeto de Lei 4206\/20, do deputado Fred Costa (PRD-MG). O projeto foi aprovado pela C\u00e2mara dos Deputados em 2021 e, pelo Senado, em maio deste ano.<\/p>\n\n\n\n<p>A Lei 15.150\/25 inclui um dispositivo na Lei de Crimes Ambientais, que j\u00e1 tipifica como crime &#8220;praticar ato de abuso, maus-tratos, ferir ou mutilar animais silvestres, dom\u00e9sticos ou domesticados, nativos ou ex\u00f3ticos&#8221;. Tatuar e a colocar piercings em c\u00e3es e gatos ser\u00e1 considerado um crime contra a fauna.<\/p>\n\n\n\n<p>Fonte: Ag\u00eancia C\u00e2mara de Not\u00edcias \/ Foto: Reprodu\u00e7\u00e3o via Ag\u00eancia C\u00e2mara de Not\u00edcias (com Getty Images)<\/p>\n","protected":false},"excerpt":{"rendered":"<p>A Lei 15.150\/25 pro\u00edbe a realiza\u00e7\u00e3o de tatuagens ou coloca\u00e7\u00e3o de piercings com fins est\u00e9ticos em c\u00e3es e gatos. A norma, publicada no Di\u00e1rio Oficial da Uni\u00e3o (DOU) desta ter\u00e7a-feira (17) estabelece a pena de reclus\u00e3o de dois a cinco anos e multa, al\u00e9m da perda da guarda do animal, para quem fizer ou permitir &hellip; <\/p>\n","protected":false},"author":1,"featured_media":36849,"comment_status":"open","ping_status":"open","sticky":false,"template":"","format":"standard","meta":{"footnotes":""},"categories":[4],"tags":[],"class_list":["post-36848","post","type-post","status-publish","format-standard","has-post-thumbnail","hentry","category-noticias"],"_links":{"self":[{"href":"https:\/\/radioimprensa.com.br\/index.php\/wp-json\/wp\/v2\/posts\/36848","targetHints":{"allow":["GET"]}}],"collection":[{"href":"https:\/\/radioimprensa.com.br\/index.php\/wp-json\/wp\/v2\/posts"}],"about":[{"href":"https:\/\/radioimprensa.com.br\/index.php\/wp-json\/wp\/v2\/types\/post"}],"author":[{"embeddable":true,"href":"https:\/\/radioimprensa.com.br\/index.php\/wp-json\/wp\/v2\/users\/1"}],"replies":[{"embeddable":true,"href":"https:\/\/radioimprensa.com.br\/index.php\/wp-json\/wp\/v2\/comments?post=36848"}],"version-history":[{"count":1,"href":"https:\/\/radioimprensa.com.br\/index.php\/wp-json\/wp\/v2\/posts\/36848\/revisions"}],"predecessor-version":[{"id":36850,"href":"https:\/\/radioimprensa.com.br\/index.php\/wp-json\/wp\/v2\/posts\/36848\/revisions\/36850"}],"wp:featuredmedia":[{"embeddable":true,"href":"https:\/\/radioimprensa.com.br\/index.php\/wp-json\/wp\/v2\/media\/36849"}],"wp:attachment":[{"href":"https:\/\/radioimprensa.com.br\/index.php\/wp-json\/wp\/v2\/media?parent=36848"}],"wp:term":[{"taxonomy":"category","embeddable":true,"href":"https:\/\/radioimprensa.com.br\/index.php\/wp-json\/wp\/v2\/categories?post=36848"},{"taxonomy":"post_tag","embeddable":true,"href":"https:\/\/radioimprensa.com.br\/index.php\/wp-json\/wp\/v2\/tags?post=36848"}],"curies":[{"name":"wp","href":"https:\/\/api.w.org\/{rel}","templated":true}]}}