{"id":36858,"date":"2025-06-26T11:06:40","date_gmt":"2025-06-26T14:06:40","guid":{"rendered":"https:\/\/radioimprensa.com.br\/?p=36858"},"modified":"2025-06-26T11:06:42","modified_gmt":"2025-06-26T14:06:42","slug":"reforco-de-vacina-contra-meningite-tera-protecao-maior","status":"publish","type":"post","link":"https:\/\/radioimprensa.com.br\/index.php\/2025\/06\/26\/reforco-de-vacina-contra-meningite-tera-protecao-maior\/","title":{"rendered":"Refor\u00e7o de vacina contra meningite ter\u00e1 prote\u00e7\u00e3o maior"},"content":{"rendered":"\n<p>A partir de 1\u00ba de julho, os beb\u00eas de 12 meses receber\u00e3o a vacina meningoc\u00f3cica ACWY como dose de refor\u00e7o para a meningoc\u00f3cica\u00a0C.\u00a0Isso significa que, al\u00e9m do meningococo C,\u00a0eles ficar\u00e3o protegidos contra outros tr\u00eas sorotipos da bact\u00e9ria (A, W e Y), o que previnir\u00e1 casos de\u00a0meningite bacteriana\u00a0e infec\u00e7\u00e3o generalizada no sangue, a meningococcemia.\u00a0Somente este ano, o Brasil j\u00e1 registrou 361 casos de meningite causada por meningococos, com 61 mortes.<img decoding=\"async\" src=\"https:\/\/agenciabrasil.ebc.com.br\/ebc.png?id=1648340&amp;o=node\"><img decoding=\"async\" src=\"https:\/\/agenciabrasil.ebc.com.br\/ebc.gif?id=1648340&amp;o=node\"><\/p>\n\n\n\n<p>O Sistema \u00danico de Sa\u00fade ja oferece o imunizante ACWY nas unidades b\u00e1sicas de sa\u00fade, mas atualmente a vacina \u00e9 aplicada dos 11 aos 14 anos.\u00a0J\u00e1 os beb\u00eas recebem tr\u00eas doses da vacina meningoc\u00f3cica C:\u00a0duas doses aos 3 e aos 6 meses de idade, e o refor\u00e7o, aos 12 meses. Apenas a dose de refor\u00e7o ser\u00e1 modificada.<\/p>\n\n\n\n<p>As crian\u00e7as que j\u00e1 receberam tr\u00eas doses da meningo C n\u00e3o precisam receber a dose de refor\u00e7o com a ACWY no momento. Mas aquelas n\u00e3o foram vacinadas aos 12 meses podem completar o esquema com a nova vacina, antes de completar 5 anos.<\/p>\n\n\n\n<p>Na nota t\u00e9cnica que comunica a mudan\u00e7a na estrat\u00e9gia de vacina\u00e7\u00e3o, o Minist\u00e9rio da Sa\u00fade refor\u00e7a &#8220;a efevidade e o impacto desses imunobiol\u00f3gicos no Brasil, com redu\u00e7\u00e3o na incid\u00eancia da doen\u00e7a meningoc\u00f3cica, em pessoas vacinadas e n\u00e3o vacinadas.&#8221; No entanto, diz a nota,\u00a0&#8220;a ocorr\u00eancia das meningites bacterianas ainda \u00e9 um fator de preocupa\u00e7\u00e3o, especialmente as causadas pela\u00a0<em>Neisseria meningidis<\/em>\u00a0(meningococo)e pelo\u00a0<em>Streptococcus pneumoniae\u00a0<\/em>(pneumococo)&#8221;<\/p>\n\n\n\n<p>A mudan\u00e7a, ainda de acordo com a pasta, d\u00e1 continuidade ao enfrentamento das meningites, conforme as Diretrizes para Enfrentamento da doen\u00e7a, propostas pelo Brasil dentro do roteiro global da Organiza\u00e7\u00e3o Mundial da Sa\u00fade. O SUS tamb\u00e9m oferece vacinas contra outros dois agentes infecciosos que podem causar meningite, o pneumococo e o&nbsp;<em>Haemophilus influenzae<\/em>.<\/p>\n\n\n\n<p>Fonte: Ag\u00eancia Brasil \/ Foto: Arquivo Ag\u00eancia Brasil<\/p>\n","protected":false},"excerpt":{"rendered":"<p>A partir de 1\u00ba de julho, os beb\u00eas de 12 meses receber\u00e3o a vacina meningoc\u00f3cica ACWY como dose de refor\u00e7o para a meningoc\u00f3cica\u00a0C.\u00a0Isso significa que, al\u00e9m do meningococo C,\u00a0eles ficar\u00e3o protegidos contra outros tr\u00eas sorotipos da bact\u00e9ria (A, W e Y), o que previnir\u00e1 casos de\u00a0meningite bacteriana\u00a0e infec\u00e7\u00e3o generalizada no sangue, a meningococcemia.\u00a0Somente este ano, &hellip; <\/p>\n","protected":false},"author":1,"featured_media":19323,"comment_status":"open","ping_status":"open","sticky":false,"template":"","format":"standard","meta":{"footnotes":""},"categories":[4],"tags":[],"class_list":["post-36858","post","type-post","status-publish","format-standard","has-post-thumbnail","hentry","category-noticias"],"_links":{"self":[{"href":"https:\/\/radioimprensa.com.br\/index.php\/wp-json\/wp\/v2\/posts\/36858","targetHints":{"allow":["GET"]}}],"collection":[{"href":"https:\/\/radioimprensa.com.br\/index.php\/wp-json\/wp\/v2\/posts"}],"about":[{"href":"https:\/\/radioimprensa.com.br\/index.php\/wp-json\/wp\/v2\/types\/post"}],"author":[{"embeddable":true,"href":"https:\/\/radioimprensa.com.br\/index.php\/wp-json\/wp\/v2\/users\/1"}],"replies":[{"embeddable":true,"href":"https:\/\/radioimprensa.com.br\/index.php\/wp-json\/wp\/v2\/comments?post=36858"}],"version-history":[{"count":1,"href":"https:\/\/radioimprensa.com.br\/index.php\/wp-json\/wp\/v2\/posts\/36858\/revisions"}],"predecessor-version":[{"id":36859,"href":"https:\/\/radioimprensa.com.br\/index.php\/wp-json\/wp\/v2\/posts\/36858\/revisions\/36859"}],"wp:featuredmedia":[{"embeddable":true,"href":"https:\/\/radioimprensa.com.br\/index.php\/wp-json\/wp\/v2\/media\/19323"}],"wp:attachment":[{"href":"https:\/\/radioimprensa.com.br\/index.php\/wp-json\/wp\/v2\/media?parent=36858"}],"wp:term":[{"taxonomy":"category","embeddable":true,"href":"https:\/\/radioimprensa.com.br\/index.php\/wp-json\/wp\/v2\/categories?post=36858"},{"taxonomy":"post_tag","embeddable":true,"href":"https:\/\/radioimprensa.com.br\/index.php\/wp-json\/wp\/v2\/tags?post=36858"}],"curies":[{"name":"wp","href":"https:\/\/api.w.org\/{rel}","templated":true}]}}