{"id":36931,"date":"2025-08-13T11:30:44","date_gmt":"2025-08-13T14:30:44","guid":{"rendered":"https:\/\/radioimprensa.com.br\/?p=36931"},"modified":"2025-08-13T11:30:46","modified_gmt":"2025-08-13T14:30:46","slug":"governo-paulista-anuncia-marginais-iluminadas-e-mais-seguras-no-litoral","status":"publish","type":"post","link":"https:\/\/radioimprensa.com.br\/index.php\/2025\/08\/13\/governo-paulista-anuncia-marginais-iluminadas-e-mais-seguras-no-litoral\/","title":{"rendered":"Governo Paulista anuncia marginais iluminadas e mais seguras no litoral"},"content":{"rendered":"\n<p>Os moradores de Peru\u00edbe, Itanha\u00e9m, Mongagu\u00e1 e Praia Grande v\u00e3o receber novas marginais urbanas entre os munic\u00edpios, que ser\u00e3o gratuitas e contar\u00e3o com cal\u00e7amento, sinaliza\u00e7\u00e3o e ilumina\u00e7\u00e3o completa. A ilumina\u00e7\u00e3o j\u00e1 foi iniciada e faz parte do projeto do Governo de S\u00e3o Paulo para moderniza\u00e7\u00e3o das rodovias do Litoral Paulista, por meio do contrato de concess\u00e3o operado pela concession\u00e1ria CNL.<\/p>\n\n\n\n<p>A cobran\u00e7a nos p\u00f3rticos eletr\u00f4nicos nessas cidades s\u00f3 poder\u00e1 ocorrer a partir de 2027 e estar\u00e1 condicionada \u00e0 entrega integral dessas vias marginais, que funcionar\u00e3o como alternativas n\u00e3o tarifadas para o tr\u00e1fego urbano local. As obras ser\u00e3o fiscalizadas pela Ag\u00eancia de Transporte do Estado de S\u00e3o Paulo (Artesp), garantindo que os benef\u00edcios sejam entregues antes da cobran\u00e7a.<\/p>\n\n\n\n<p>Com investimento total de R$ 4,3 bilh\u00f5es, o contrato prev\u00ea a duplica\u00e7\u00e3o de 89,8 km de rodovias, 108,5 km de marginais e outros 212 km de melhorias estruturais que abrangem a Baixada Santista, o Alto Tiet\u00ea e o Vale do Ribeira. A proposta visa aumentar a seguran\u00e7a vi\u00e1ria, melhorar a fluidez do tr\u00e1fego e promover mais mobilidade para quem vive e circula entre os munic\u00edpios da regi\u00e3o.<\/p>\n\n\n\n<p>\u201cA cobran\u00e7a s\u00f3 come\u00e7ar\u00e1 depois da entrega. Esse modelo \u00e9 transparente, justo e garante que a popula\u00e7\u00e3o local receba melhorias efetivas antes de qualquer tarifa\u201d, afirma Rafael Benini, secret\u00e1rio de Parcerias em Investimentos do Estado de S\u00e3o Paulo.<\/p>\n\n\n\n<p>Fonte: Ag\u00eancia SP \/ Foto: Divulga\u00e7\u00e3o GovSP, via Ag\u00eancia SP<\/p>\n","protected":false},"excerpt":{"rendered":"<p>Os moradores de Peru\u00edbe, Itanha\u00e9m, Mongagu\u00e1 e Praia Grande v\u00e3o receber novas marginais urbanas entre os munic\u00edpios, que ser\u00e3o gratuitas e contar\u00e3o com cal\u00e7amento, sinaliza\u00e7\u00e3o e ilumina\u00e7\u00e3o completa. A ilumina\u00e7\u00e3o j\u00e1 foi iniciada e faz parte do projeto do Governo de S\u00e3o Paulo para moderniza\u00e7\u00e3o das rodovias do Litoral Paulista, por meio do contrato de &hellip; <\/p>\n","protected":false},"author":1,"featured_media":36932,"comment_status":"open","ping_status":"open","sticky":false,"template":"","format":"standard","meta":{"footnotes":""},"categories":[4],"tags":[],"class_list":["post-36931","post","type-post","status-publish","format-standard","has-post-thumbnail","hentry","category-noticias"],"_links":{"self":[{"href":"https:\/\/radioimprensa.com.br\/index.php\/wp-json\/wp\/v2\/posts\/36931","targetHints":{"allow":["GET"]}}],"collection":[{"href":"https:\/\/radioimprensa.com.br\/index.php\/wp-json\/wp\/v2\/posts"}],"about":[{"href":"https:\/\/radioimprensa.com.br\/index.php\/wp-json\/wp\/v2\/types\/post"}],"author":[{"embeddable":true,"href":"https:\/\/radioimprensa.com.br\/index.php\/wp-json\/wp\/v2\/users\/1"}],"replies":[{"embeddable":true,"href":"https:\/\/radioimprensa.com.br\/index.php\/wp-json\/wp\/v2\/comments?post=36931"}],"version-history":[{"count":1,"href":"https:\/\/radioimprensa.com.br\/index.php\/wp-json\/wp\/v2\/posts\/36931\/revisions"}],"predecessor-version":[{"id":36933,"href":"https:\/\/radioimprensa.com.br\/index.php\/wp-json\/wp\/v2\/posts\/36931\/revisions\/36933"}],"wp:featuredmedia":[{"embeddable":true,"href":"https:\/\/radioimprensa.com.br\/index.php\/wp-json\/wp\/v2\/media\/36932"}],"wp:attachment":[{"href":"https:\/\/radioimprensa.com.br\/index.php\/wp-json\/wp\/v2\/media?parent=36931"}],"wp:term":[{"taxonomy":"category","embeddable":true,"href":"https:\/\/radioimprensa.com.br\/index.php\/wp-json\/wp\/v2\/categories?post=36931"},{"taxonomy":"post_tag","embeddable":true,"href":"https:\/\/radioimprensa.com.br\/index.php\/wp-json\/wp\/v2\/tags?post=36931"}],"curies":[{"name":"wp","href":"https:\/\/api.w.org\/{rel}","templated":true}]}}