{"id":37027,"date":"2025-09-03T11:26:26","date_gmt":"2025-09-03T14:26:26","guid":{"rendered":"https:\/\/radioimprensa.com.br\/?p=37027"},"modified":"2025-09-03T11:26:27","modified_gmt":"2025-09-03T14:26:27","slug":"educacao-de-sp-efetivara-mais-de-4-000-professores-aprovados-em-concurso","status":"publish","type":"post","link":"https:\/\/radioimprensa.com.br\/index.php\/2025\/09\/03\/educacao-de-sp-efetivara-mais-de-4-000-professores-aprovados-em-concurso\/","title":{"rendered":"Educa\u00e7\u00e3o de SP efetivar\u00e1 mais de 4.000 professores aprovados em concurso"},"content":{"rendered":"\n<p>A Secretaria da Educa\u00e7\u00e3o do Estado de S\u00e3o Paulo (Seduc-SP) vai efetivar 4.039 professores de educa\u00e7\u00e3o b\u00e1sica II (Ensino Fundamental e M\u00e9dio) aprovados no concurso p\u00fablico de 2023. O processo de escolha de vagas ser\u00e1 realizado entre os dias 8 e 12 de setembro. Os cargos est\u00e3o dispon\u00edveis nas 91 unidades regionais de ensino e os candidatos s\u00e3o convocados nos 17 polos regionais do estado e a sess\u00e3o de escolha ser\u00e1 realizada online.&nbsp;<\/p>\n\n\n\n<p>O edital de convoca\u00e7\u00e3o para a escolha de vagas foi publicado no\u00a0Di\u00e1rio Oficial do Estado de S\u00e3o Paulo\u00a0\u00a0e\u00a0retificado na mesma data. Os candidatos ser\u00e3o chamados por ordem de classifica\u00e7\u00e3o geral, considerando ampla concorr\u00eancia e lista especial. O edital detalha, por exemplo, as regras sobre jornada de trabalho, classifica\u00e7\u00e3o e procedimentos espec\u00edficos para candidatos com defici\u00eancia.<\/p>\n\n\n\n<p>A convoca\u00e7\u00e3o tamb\u00e9m inclui orienta\u00e7\u00f5es sobre documenta\u00e7\u00e3o necess\u00e1ria, como RG, CPF e procura\u00e7\u00e3o, para aqueles que desejarem ser representados na sess\u00e3o de escolha. Al\u00e9m disso, os professores devem providenciar exames m\u00e9dicos para a Per\u00edcia M\u00e9dica de ingresso. As informa\u00e7\u00f5es sobre esta etapa est\u00e3o publicadas tamb\u00e9m no\u00a0Di\u00e1rio Oficial do Estado de S\u00e3o Paulo, na edi\u00e7\u00e3o de segunda-feira (1\u00ba).\u00a0<\/p>\n\n\n\n<p>O secret\u00e1rio da Educa\u00e7\u00e3o, Renato Feder, destaca a import\u00e2ncia da convoca\u00e7\u00e3o e o papel dos novos professores e conta sobre as ferramentas de apoio para o ingresso dos docentes aprovados no concurso de 2023 em sala de aula: \u201cEu desejo que voc\u00ea seja muito feliz aqui com a gente, que voc\u00ea se realize como professora, como professor, que voc\u00ea receba muito apoio da sua escola, dos seus coordenadores, do seu diretor, da sua diretora, do seu trio gestor, da diretoria de ensino e tamb\u00e9m da secretaria. N\u00f3s temos muitos programas para apoiar. A gente tem o Multiplica, a gente tem a escola de gest\u00e3o, a gente tem o planejamento de aula, a gente tem v\u00e1rias ferramentas que, atrav\u00e9s delas, quer te apoiar a impactar o futuro dos nossos alunos. Lembrando, professora, professor, que a sess\u00e3o de escolha vai ser do dia 8 de setembro ao dia 12 de setembro, e ela \u00e9 online\u201d.<\/p>\n\n\n\n<p>O processo de escolha de vagas online visa garantir que todos os cargos sejam preenchidos e que os professores tenham acesso \u00e0s op\u00e7\u00f5es de acordo com suas prefer\u00eancias e classifica\u00e7\u00e3o. A participa\u00e7\u00e3o na sess\u00e3o de escolha \u00e9 obrigat\u00f3ria e os candidatos que n\u00e3o comparecerem ou desistirem perder\u00e3o a&nbsp; vaga no concurso.<\/p>\n\n\n\n<p>Fonte: Ag\u00eancia SP \/ Foto: Divulga\u00e7\u00e3o, GovSP<\/p>\n","protected":false},"excerpt":{"rendered":"<p>A Secretaria da Educa\u00e7\u00e3o do Estado de S\u00e3o Paulo (Seduc-SP) vai efetivar 4.039 professores de educa\u00e7\u00e3o b\u00e1sica II (Ensino Fundamental e M\u00e9dio) aprovados no concurso p\u00fablico de 2023. O processo de escolha de vagas ser\u00e1 realizado entre os dias 8 e 12 de setembro. Os cargos est\u00e3o dispon\u00edveis nas 91 unidades regionais de ensino e &hellip; <\/p>\n","protected":false},"author":1,"featured_media":37028,"comment_status":"open","ping_status":"open","sticky":false,"template":"","format":"standard","meta":{"footnotes":""},"categories":[4],"tags":[],"class_list":["post-37027","post","type-post","status-publish","format-standard","has-post-thumbnail","hentry","category-noticias"],"_links":{"self":[{"href":"https:\/\/radioimprensa.com.br\/index.php\/wp-json\/wp\/v2\/posts\/37027","targetHints":{"allow":["GET"]}}],"collection":[{"href":"https:\/\/radioimprensa.com.br\/index.php\/wp-json\/wp\/v2\/posts"}],"about":[{"href":"https:\/\/radioimprensa.com.br\/index.php\/wp-json\/wp\/v2\/types\/post"}],"author":[{"embeddable":true,"href":"https:\/\/radioimprensa.com.br\/index.php\/wp-json\/wp\/v2\/users\/1"}],"replies":[{"embeddable":true,"href":"https:\/\/radioimprensa.com.br\/index.php\/wp-json\/wp\/v2\/comments?post=37027"}],"version-history":[{"count":1,"href":"https:\/\/radioimprensa.com.br\/index.php\/wp-json\/wp\/v2\/posts\/37027\/revisions"}],"predecessor-version":[{"id":37029,"href":"https:\/\/radioimprensa.com.br\/index.php\/wp-json\/wp\/v2\/posts\/37027\/revisions\/37029"}],"wp:featuredmedia":[{"embeddable":true,"href":"https:\/\/radioimprensa.com.br\/index.php\/wp-json\/wp\/v2\/media\/37028"}],"wp:attachment":[{"href":"https:\/\/radioimprensa.com.br\/index.php\/wp-json\/wp\/v2\/media?parent=37027"}],"wp:term":[{"taxonomy":"category","embeddable":true,"href":"https:\/\/radioimprensa.com.br\/index.php\/wp-json\/wp\/v2\/categories?post=37027"},{"taxonomy":"post_tag","embeddable":true,"href":"https:\/\/radioimprensa.com.br\/index.php\/wp-json\/wp\/v2\/tags?post=37027"}],"curies":[{"name":"wp","href":"https:\/\/api.w.org\/{rel}","templated":true}]}}