{"id":37089,"date":"2025-09-22T11:13:05","date_gmt":"2025-09-22T14:13:05","guid":{"rendered":"https:\/\/radioimprensa.com.br\/?p=37089"},"modified":"2025-09-22T11:13:08","modified_gmt":"2025-09-22T14:13:08","slug":"sp-inaugura-casa-da-juventude-em-mairipora","status":"publish","type":"post","link":"https:\/\/radioimprensa.com.br\/index.php\/2025\/09\/22\/sp-inaugura-casa-da-juventude-em-mairipora\/","title":{"rendered":"SP inaugura Casa da Juventude, em Mairipor\u00e3"},"content":{"rendered":"\n<p>A juventude de Mairipor\u00e3 acaba de ganhar um espa\u00e7o feito para transformar sonhos em oportunidades. \u00c9 a Casa da Juventude Professor Chafic Jabali, inaugurada na sexta-feira (19), que chega ao munic\u00edpio como um centro de forma\u00e7\u00e3o, qualifica\u00e7\u00e3o e apoio, oferecendo cursos, incentivo ao empreendedorismo, est\u00edmulo \u00e0 economia criativa e orienta\u00e7\u00e3o para o mercado de trabalho.<\/p>\n\n\n\n<p>Localizada na Avenida Tabeli\u00e3o Passarela, no centro do munic\u00edpio, a Casa da Juventude oferecer\u00e1 cursos de qualifica\u00e7\u00e3o t\u00e9cnica e profissional, incentivo ao empreendedorismo, est\u00edmulo \u00e0 economia criativa, apoio \u00e0 busca por emprego e espa\u00e7o para a cria\u00e7\u00e3o de projetos e neg\u00f3cios pr\u00f3prios.<\/p>\n\n\n\n<p>A 32\u00aa unidade do programa \u00e9 uma iniciativa da Secretaria da Justi\u00e7a e Cidadania (SJC), por meio da Coordenadoria de Pol\u00edticas para a Juventude, e foi inaugurada pelo secret\u00e1rio-executivo da Justi\u00e7a e Cidadania, Raul Christiano, pelo coordenador estadual de Pol\u00edticas para a Juventude, Juliano Borges, pelo senador Astronauta Marcos Pontes e pelo prefeito de Mairipor\u00e3, Walid Ali, o Aladim, al\u00e9m de autoridades locais. O evento tamb\u00e9m contou com a presen\u00e7a da Claudia Carletto, presidente da Funda\u00e7\u00e3o Casa.<\/p>\n\n\n\n<p>Para o coordenador estadual de Pol\u00edticas para a Juventude, Juliano Borges, o espa\u00e7o tem car\u00e1ter transformador: \u201cA Casa da Juventude n\u00e3o \u00e9 apenas um espa\u00e7o p\u00fablico, mas um lugar de oportunidades. Aqui, os jovens encontram desenvolvimento, cidadania e futuro, impactando fam\u00edlias, comunidades e inspirando novas gera\u00e7\u00f5es.\u201d<\/p>\n\n\n\n<p>A Casa de Mairipor\u00e3 leva o nome do professor Chafic Jabali, falecido em 2018. Representando a fam\u00edlia, sua filha, Natige Jabali, agradeceu a homenagem: \u201cA educa\u00e7\u00e3o sempre foi prioridade para o meu pai. Tenho certeza de que ele apoiaria a cria\u00e7\u00e3o de espa\u00e7os como este. A homenagem \u00e9 simb\u00f3lica n\u00e3o apenas para nossa fam\u00edlia, mas tamb\u00e9m para o munic\u00edpio\u201d.<\/p>\n\n\n\n<p>Fonte: Ag\u00eancia SP \/ Foto: Divulga\u00e7\u00e3o, GovSP<\/p>\n","protected":false},"excerpt":{"rendered":"<p>A juventude de Mairipor\u00e3 acaba de ganhar um espa\u00e7o feito para transformar sonhos em oportunidades. \u00c9 a Casa da Juventude Professor Chafic Jabali, inaugurada na sexta-feira (19), que chega ao munic\u00edpio como um centro de forma\u00e7\u00e3o, qualifica\u00e7\u00e3o e apoio, oferecendo cursos, incentivo ao empreendedorismo, est\u00edmulo \u00e0 economia criativa e orienta\u00e7\u00e3o para o mercado de trabalho. &hellip; <\/p>\n","protected":false},"author":1,"featured_media":37090,"comment_status":"open","ping_status":"open","sticky":false,"template":"","format":"standard","meta":{"footnotes":""},"categories":[4],"tags":[],"class_list":["post-37089","post","type-post","status-publish","format-standard","has-post-thumbnail","hentry","category-noticias"],"_links":{"self":[{"href":"https:\/\/radioimprensa.com.br\/index.php\/wp-json\/wp\/v2\/posts\/37089","targetHints":{"allow":["GET"]}}],"collection":[{"href":"https:\/\/radioimprensa.com.br\/index.php\/wp-json\/wp\/v2\/posts"}],"about":[{"href":"https:\/\/radioimprensa.com.br\/index.php\/wp-json\/wp\/v2\/types\/post"}],"author":[{"embeddable":true,"href":"https:\/\/radioimprensa.com.br\/index.php\/wp-json\/wp\/v2\/users\/1"}],"replies":[{"embeddable":true,"href":"https:\/\/radioimprensa.com.br\/index.php\/wp-json\/wp\/v2\/comments?post=37089"}],"version-history":[{"count":1,"href":"https:\/\/radioimprensa.com.br\/index.php\/wp-json\/wp\/v2\/posts\/37089\/revisions"}],"predecessor-version":[{"id":37091,"href":"https:\/\/radioimprensa.com.br\/index.php\/wp-json\/wp\/v2\/posts\/37089\/revisions\/37091"}],"wp:featuredmedia":[{"embeddable":true,"href":"https:\/\/radioimprensa.com.br\/index.php\/wp-json\/wp\/v2\/media\/37090"}],"wp:attachment":[{"href":"https:\/\/radioimprensa.com.br\/index.php\/wp-json\/wp\/v2\/media?parent=37089"}],"wp:term":[{"taxonomy":"category","embeddable":true,"href":"https:\/\/radioimprensa.com.br\/index.php\/wp-json\/wp\/v2\/categories?post=37089"},{"taxonomy":"post_tag","embeddable":true,"href":"https:\/\/radioimprensa.com.br\/index.php\/wp-json\/wp\/v2\/tags?post=37089"}],"curies":[{"name":"wp","href":"https:\/\/api.w.org\/{rel}","templated":true}]}}