{"id":37218,"date":"2025-10-28T08:31:33","date_gmt":"2025-10-28T11:31:33","guid":{"rendered":"https:\/\/radioimprensa.com.br\/?p=37218"},"modified":"2025-10-28T08:31:34","modified_gmt":"2025-10-28T11:31:34","slug":"sugestao-cultural-no-bibi-ferreira","status":"publish","type":"post","link":"https:\/\/radioimprensa.com.br\/index.php\/2025\/10\/28\/sugestao-cultural-no-bibi-ferreira\/","title":{"rendered":"Sugest\u00e3o cultural no Bibi Ferreira"},"content":{"rendered":"\n<p>O Teatro Bibi Ferreira, na Avenida Brigadeiro Lu\u00eds Ant\u00f4nio, 931, ter\u00e1 a pe\u00e7a O Cors\u00e1rio do Rei, dias 7, 14 e 21 de novembro.<\/p>\n\n\n\n<p>Montada pelo Coro da Vila, a obra reviver\u00e1 texto de Augusto Boal e promete arranjos in\u00e9ditos de m\u00fasicas de Chico Buarque e Edu Lobo.<\/p>\n\n\n\n<p>O Cors\u00e1rio do Rei \u00e9&nbsp;uma narrativa sobre uma invas\u00e3o ao Rio de Janeiro, comandada pelo franc\u00eas Ren\u00e9 Trouin, em 1711.<\/p>\n\n\n\n<p>Na ocasi\u00e3o, Ren\u00e9 chegou com 17 navios e 5 mil homens e Portugal aceitou lhe pagar um resgate com ouro, pedras preciosas, gado e a\u00e7\u00facar; ingressos pelos sites sympla.com.br e sampaingressos.com.br<\/p>\n\n\n\n<p>Mais detalhes em www.instagram.com\/coro_da_vila<\/p>\n\n\n\n<p>Fonte: Coro da Vila \/ Foto: Divulga\u00e7\u00e3o<\/p>\n","protected":false},"excerpt":{"rendered":"<p>O Teatro Bibi Ferreira, na Avenida Brigadeiro Lu\u00eds Ant\u00f4nio, 931, ter\u00e1 a pe\u00e7a O Cors\u00e1rio do Rei, dias 7, 14 e 21 de novembro. Montada pelo Coro da Vila, a obra reviver\u00e1 texto de Augusto Boal e promete arranjos in\u00e9ditos de m\u00fasicas de Chico Buarque e Edu Lobo. O Cors\u00e1rio do Rei \u00e9&nbsp;uma narrativa sobre &hellip; <\/p>\n","protected":false},"author":1,"featured_media":37219,"comment_status":"open","ping_status":"open","sticky":false,"template":"","format":"standard","meta":{"footnotes":""},"categories":[4],"tags":[],"class_list":["post-37218","post","type-post","status-publish","format-standard","has-post-thumbnail","hentry","category-noticias"],"_links":{"self":[{"href":"https:\/\/radioimprensa.com.br\/index.php\/wp-json\/wp\/v2\/posts\/37218","targetHints":{"allow":["GET"]}}],"collection":[{"href":"https:\/\/radioimprensa.com.br\/index.php\/wp-json\/wp\/v2\/posts"}],"about":[{"href":"https:\/\/radioimprensa.com.br\/index.php\/wp-json\/wp\/v2\/types\/post"}],"author":[{"embeddable":true,"href":"https:\/\/radioimprensa.com.br\/index.php\/wp-json\/wp\/v2\/users\/1"}],"replies":[{"embeddable":true,"href":"https:\/\/radioimprensa.com.br\/index.php\/wp-json\/wp\/v2\/comments?post=37218"}],"version-history":[{"count":1,"href":"https:\/\/radioimprensa.com.br\/index.php\/wp-json\/wp\/v2\/posts\/37218\/revisions"}],"predecessor-version":[{"id":37220,"href":"https:\/\/radioimprensa.com.br\/index.php\/wp-json\/wp\/v2\/posts\/37218\/revisions\/37220"}],"wp:featuredmedia":[{"embeddable":true,"href":"https:\/\/radioimprensa.com.br\/index.php\/wp-json\/wp\/v2\/media\/37219"}],"wp:attachment":[{"href":"https:\/\/radioimprensa.com.br\/index.php\/wp-json\/wp\/v2\/media?parent=37218"}],"wp:term":[{"taxonomy":"category","embeddable":true,"href":"https:\/\/radioimprensa.com.br\/index.php\/wp-json\/wp\/v2\/categories?post=37218"},{"taxonomy":"post_tag","embeddable":true,"href":"https:\/\/radioimprensa.com.br\/index.php\/wp-json\/wp\/v2\/tags?post=37218"}],"curies":[{"name":"wp","href":"https:\/\/api.w.org\/{rel}","templated":true}]}}