{"id":37232,"date":"2025-11-04T10:34:21","date_gmt":"2025-11-04T13:34:21","guid":{"rendered":"https:\/\/radioimprensa.com.br\/?p=37232"},"modified":"2025-11-04T10:34:23","modified_gmt":"2025-11-04T13:34:23","slug":"licenciamento-2025-novembro-e-prazo-final-para-veiculos-com-placas-de-final-9","status":"publish","type":"post","link":"https:\/\/radioimprensa.com.br\/index.php\/2025\/11\/04\/licenciamento-2025-novembro-e-prazo-final-para-veiculos-com-placas-de-final-9\/","title":{"rendered":"Licenciamento 2025: Novembro \u00e9 prazo final para ve\u00edculos com placas de final 9"},"content":{"rendered":"\n<p>Com o m\u00eas de novembro, chega a vez do licenciamento dos ve\u00edculos de placa com final 9 no estado de S\u00e3o Paulo, de acordo com o calend\u00e1rio oficial do Departamento Estadual de Tr\u00e2nsito de S\u00e3o Paulo (Detran-SP). Em dezembro, fechando esse calend\u00e1rio, ser\u00e1 a vez dos ve\u00edculos de placa com final 0 (confira a rela\u00e7\u00e3o completa abaixo).<\/p>\n\n\n\n<p>Para quem quer resolver com rapidez, o caminho mais eficiente \u00e9 acessar o\u00a0site do Detran-SP,\u00a0onde o licenciamento pode ser feito em poucos minutos, com a facilidade adicional de verificar e pagar via pix, na mesma hora, multas que estejam pendentes. Para licenciar um ve\u00edculo registrado em S\u00e3o Paulo, \u00e9 preciso antes quitar eventuais multas de tr\u00e2nsito, al\u00e9m do Imposto sobre a Propriedade de Ve\u00edculos Automotores (IPVA). No licenciamento, o respons\u00e1vel pelo ve\u00edculo deve informar o n\u00famero do Registro Nacional de Ve\u00edculos Automotores (Renavam) e pagar a taxa de R$ 167,74.<\/p>\n\n\n\n<p>Ap\u00f3s o pagamento, o condutor pode baixar ou imprimir em papel comum o documento digital atualizado pelo portal do Detran-SP, do Poupatempo ou da Senatran, ou pelos aplicativos Detran-SP, Poupatempo Digital e Carteira Digital de Tr\u00e2nsito (CDT). O documento pode ser salvo no celular ou guardado em papel. Outro caminho \u00e9 pagar a taxa em um banco conveniado (Banco do Brasil, Bradesco, Caixa Econ\u00f4mica Federal, Ita\u00fa, Safra e Santander), via internet banking, aplicativo ou no caixa eletr\u00f4nico.<\/p>\n\n\n\n<p>Segundo o Detran-SP, 17,7 milh\u00f5es de ve\u00edculos registrados no estado de S\u00e3o Paulo tiveram seu licenciamento acertado at\u00e9 o final de outubro, quase 88% de toda a frota licenciada em 2024.<\/p>\n\n\n\n<p>Fonte: Ag\u00eancia SP \/ Foto: Divulga\u00e7\u00e3o, GovSP<\/p>\n","protected":false},"excerpt":{"rendered":"<p>Com o m\u00eas de novembro, chega a vez do licenciamento dos ve\u00edculos de placa com final 9 no estado de S\u00e3o Paulo, de acordo com o calend\u00e1rio oficial do Departamento Estadual de Tr\u00e2nsito de S\u00e3o Paulo (Detran-SP). Em dezembro, fechando esse calend\u00e1rio, ser\u00e1 a vez dos ve\u00edculos de placa com final 0 (confira a rela\u00e7\u00e3o &hellip; <\/p>\n","protected":false},"author":1,"featured_media":36215,"comment_status":"open","ping_status":"open","sticky":false,"template":"","format":"standard","meta":{"footnotes":""},"categories":[4],"tags":[],"class_list":["post-37232","post","type-post","status-publish","format-standard","has-post-thumbnail","hentry","category-noticias"],"_links":{"self":[{"href":"https:\/\/radioimprensa.com.br\/index.php\/wp-json\/wp\/v2\/posts\/37232","targetHints":{"allow":["GET"]}}],"collection":[{"href":"https:\/\/radioimprensa.com.br\/index.php\/wp-json\/wp\/v2\/posts"}],"about":[{"href":"https:\/\/radioimprensa.com.br\/index.php\/wp-json\/wp\/v2\/types\/post"}],"author":[{"embeddable":true,"href":"https:\/\/radioimprensa.com.br\/index.php\/wp-json\/wp\/v2\/users\/1"}],"replies":[{"embeddable":true,"href":"https:\/\/radioimprensa.com.br\/index.php\/wp-json\/wp\/v2\/comments?post=37232"}],"version-history":[{"count":1,"href":"https:\/\/radioimprensa.com.br\/index.php\/wp-json\/wp\/v2\/posts\/37232\/revisions"}],"predecessor-version":[{"id":37233,"href":"https:\/\/radioimprensa.com.br\/index.php\/wp-json\/wp\/v2\/posts\/37232\/revisions\/37233"}],"wp:featuredmedia":[{"embeddable":true,"href":"https:\/\/radioimprensa.com.br\/index.php\/wp-json\/wp\/v2\/media\/36215"}],"wp:attachment":[{"href":"https:\/\/radioimprensa.com.br\/index.php\/wp-json\/wp\/v2\/media?parent=37232"}],"wp:term":[{"taxonomy":"category","embeddable":true,"href":"https:\/\/radioimprensa.com.br\/index.php\/wp-json\/wp\/v2\/categories?post=37232"},{"taxonomy":"post_tag","embeddable":true,"href":"https:\/\/radioimprensa.com.br\/index.php\/wp-json\/wp\/v2\/tags?post=37232"}],"curies":[{"name":"wp","href":"https:\/\/api.w.org\/{rel}","templated":true}]}}