{"id":37264,"date":"2025-11-24T11:23:06","date_gmt":"2025-11-24T14:23:06","guid":{"rendered":"https:\/\/radioimprensa.com.br\/?p=37264"},"modified":"2025-11-24T11:23:07","modified_gmt":"2025-11-24T14:23:07","slug":"9a-parcela-do-pe-de-meia-comeca-a-ser-depositada","status":"publish","type":"post","link":"https:\/\/radioimprensa.com.br\/index.php\/2025\/11\/24\/9a-parcela-do-pe-de-meia-comeca-a-ser-depositada\/","title":{"rendered":"9\u00aa parcela do P\u00e9 de Meia come\u00e7a a ser depositada"},"content":{"rendered":"\n<p>O Minist\u00e9rio da Educa\u00e7\u00e3o (MEC) inicia, nesta segunda-feira (24), o pagamento da\u202fnova parcela\u202faos participantes do programa P\u00e9-de-Meia de 2025.<img decoding=\"async\" src=\"https:\/\/agenciabrasil.ebc.com.br\/ebc.png?id=1668937&amp;o=node\"><img decoding=\"async\" src=\"https:\/\/agenciabrasil.ebc.com.br\/ebc.gif?id=1668937&amp;o=node\"><\/p>\n\n\n\n<p>Os beneficiados pelo programa federal s\u00e3o os estudantes do ensino m\u00e9dio matriculados na rede p\u00fablica regular, entre 14 e 24 anos de idade, e, tamb\u00e9m, na modalidade Educa\u00e7\u00e3o de Jovens e Adultos (EJA), 19 e 24 anos de idade, inscritos no Cadastro Nacional de Programas Sociais do governo federal (Cad\u00danico) at\u00e9 7 de fevereiro de 2025.<\/p>\n\n\n\n<p>Para ter direito ao benef\u00edcio, eles devem ter presen\u00e7a m\u00ednima de 80% nas aulas e possuir Cadastro de Pessoa F\u00edsica (CPF) regular.<\/p>\n\n\n\n<p>Nesta nova etapa, a Caixa Econ\u00f4mica Federal \u2013 respons\u00e1vel pela gest\u00e3o dos recursos repassados pelo MEC&nbsp;\u2013 aponta que,&nbsp;ao todo, cerca de 3,2 milh\u00f5es de estudantes de escolas p\u00fablicas receber\u00e3o o benef\u00edcio at\u00e9 a pr\u00f3xima segunda-feira, 2 de dezembro.<\/p>\n\n\n\n<p>Os nascidos nos meses de janeiro e fevereiro s\u00e3o os primeiros a receber o valor de R$ 200 correspondente ao incentivo-frequ\u00eancia \u00e0s aulas.<\/p>\n\n\n\n<h4 class=\"wp-block-heading\">Confira o calend\u00e1rio:<\/h4>\n\n\n\n<p>&#8211; nascidos em janeiro e fevereiro recebem em 24 de novembro;<\/p>\n\n\n\n<p>&#8211; nascidos em mar\u00e7o e abril, em 25 de novembro;<\/p>\n\n\n\n<p>&#8211; nascidos em maio e junho, em de 26 de novembro;<\/p>\n\n\n\n<p>&#8211; nascidos em julho e agosto, em 27 de novembro;<\/p>\n\n\n\n<p>&#8211; nascidos em setembro e outubro recebem em de 28 de novembro;<\/p>\n\n\n\n<p>&#8211; nascidos em novembro e dezembro, em 2 de dezembro.<\/p>\n\n\n\n<p>Fonte: Ag\u00eancia Brasil \/ Foto: Antonio Cruz, Ag\u00eancia Brasil<\/p>\n","protected":false},"excerpt":{"rendered":"<p>O Minist\u00e9rio da Educa\u00e7\u00e3o (MEC) inicia, nesta segunda-feira (24), o pagamento da\u202fnova parcela\u202faos participantes do programa P\u00e9-de-Meia de 2025. Os beneficiados pelo programa federal s\u00e3o os estudantes do ensino m\u00e9dio matriculados na rede p\u00fablica regular, entre 14 e 24 anos de idade, e, tamb\u00e9m, na modalidade Educa\u00e7\u00e3o de Jovens e Adultos (EJA), 19 e 24 &hellip; <\/p>\n","protected":false},"author":1,"featured_media":37265,"comment_status":"open","ping_status":"open","sticky":false,"template":"","format":"standard","meta":{"footnotes":""},"categories":[4],"tags":[],"class_list":["post-37264","post","type-post","status-publish","format-standard","has-post-thumbnail","hentry","category-noticias"],"_links":{"self":[{"href":"https:\/\/radioimprensa.com.br\/index.php\/wp-json\/wp\/v2\/posts\/37264","targetHints":{"allow":["GET"]}}],"collection":[{"href":"https:\/\/radioimprensa.com.br\/index.php\/wp-json\/wp\/v2\/posts"}],"about":[{"href":"https:\/\/radioimprensa.com.br\/index.php\/wp-json\/wp\/v2\/types\/post"}],"author":[{"embeddable":true,"href":"https:\/\/radioimprensa.com.br\/index.php\/wp-json\/wp\/v2\/users\/1"}],"replies":[{"embeddable":true,"href":"https:\/\/radioimprensa.com.br\/index.php\/wp-json\/wp\/v2\/comments?post=37264"}],"version-history":[{"count":1,"href":"https:\/\/radioimprensa.com.br\/index.php\/wp-json\/wp\/v2\/posts\/37264\/revisions"}],"predecessor-version":[{"id":37266,"href":"https:\/\/radioimprensa.com.br\/index.php\/wp-json\/wp\/v2\/posts\/37264\/revisions\/37266"}],"wp:featuredmedia":[{"embeddable":true,"href":"https:\/\/radioimprensa.com.br\/index.php\/wp-json\/wp\/v2\/media\/37265"}],"wp:attachment":[{"href":"https:\/\/radioimprensa.com.br\/index.php\/wp-json\/wp\/v2\/media?parent=37264"}],"wp:term":[{"taxonomy":"category","embeddable":true,"href":"https:\/\/radioimprensa.com.br\/index.php\/wp-json\/wp\/v2\/categories?post=37264"},{"taxonomy":"post_tag","embeddable":true,"href":"https:\/\/radioimprensa.com.br\/index.php\/wp-json\/wp\/v2\/tags?post=37264"}],"curies":[{"name":"wp","href":"https:\/\/api.w.org\/{rel}","templated":true}]}}