{"id":37267,"date":"2025-11-24T11:26:14","date_gmt":"2025-11-24T14:26:14","guid":{"rendered":"https:\/\/radioimprensa.com.br\/?p=37267"},"modified":"2025-11-24T11:26:15","modified_gmt":"2025-11-24T14:26:15","slug":"defesa-civil-alerta-para-chuvas-intensas-e-rajadas-de-vento","status":"publish","type":"post","link":"https:\/\/radioimprensa.com.br\/index.php\/2025\/11\/24\/defesa-civil-alerta-para-chuvas-intensas-e-rajadas-de-vento\/","title":{"rendered":"Defesa Civil alerta para chuvas intensas e rajadas de vento"},"content":{"rendered":"\n<p>A Defesa Civil do Estado informa que at\u00e9 ter\u00e7a-feira (25), a lenta passagem de um sistema meteorol\u00f3gico pela costa da regi\u00e3o Sudeste favorecer\u00e1 a forma\u00e7\u00e3o de chuvas fortes, acompanhadas de raios, rajadas de vento e possibilidade de granizo em v\u00e1rias \u00e1reas do Estado.<\/p>\n\n\n\n<h4 class=\"wp-block-heading\">Acumulados previstos:<\/h4>\n\n\n\n<p>Muito alto: Vale do Para\u00edba, Vale do Ribeira, Litoral Norte, Serra da Mantiqueira, Regi\u00e3o Metropolitana da Capital e Baixada Santista.<\/p>\n\n\n\n<p>Alto: regi\u00f5es de Ribeir\u00e3o Preto, Franca, Barretos e Sorocaba.<\/p>\n\n\n\n<p>M\u00e9dio: Araraquara, Bauru, Presidente Prudente, Mar\u00edlia, Ara\u00e7atuba e S\u00e3o Jos\u00e9 do Rio Preto.<\/p>\n\n\n\n<p>Diante desse cen\u00e1rio, a Defesa Civil refor\u00e7a a necessidade de aten\u00e7\u00e3o redobrada, uma vez que h\u00e1 risco de alagamentos,\u00a0enchentes, enxurradas, deslizamentos e ocorr\u00eancias relacionadas a ventos fortes e descargas el\u00e9tricas.<\/p>\n\n\n\n<h4 class=\"wp-block-heading\">Orienta\u00e7\u00f5es para a popula\u00e7\u00e3o<\/h4>\n\n\n\n<ul class=\"wp-block-list\">\n<li>Evite \u00e1reas com \u00e1rvores de grande porte, placas, andaimes e estruturas suscet\u00edveis a queda.<\/li>\n\n\n\n<li>Evite terrenos descampados, praias, campos de futebol e \u00e1reas abertas.<\/li>\n\n\n\n<li>N\u00e3o utilize aparelhos conectados \u00e0 tomada durante tempestades.<\/li>\n\n\n\n<li>Evite atravessar \u00e1reas alagadas, a p\u00e9 ou de carro. \u2022 Fique atento a sinais de deslizamento, como rachaduras, inclina\u00e7\u00e3o de postes e portas ou janelas que deixam de fechar adequadamente.<\/li>\n<\/ul>\n\n\n\n<p>Fonte: Ag\u00eancia SP \/ Foto: Rovena Rosa, Arquivo Ag\u00eancia Brasil<\/p>\n","protected":false},"excerpt":{"rendered":"<p>A Defesa Civil do Estado informa que at\u00e9 ter\u00e7a-feira (25), a lenta passagem de um sistema meteorol\u00f3gico pela costa da regi\u00e3o Sudeste favorecer\u00e1 a forma\u00e7\u00e3o de chuvas fortes, acompanhadas de raios, rajadas de vento e possibilidade de granizo em v\u00e1rias \u00e1reas do Estado. Acumulados previstos: Muito alto: Vale do Para\u00edba, Vale do Ribeira, Litoral Norte, &hellip; <\/p>\n","protected":false},"author":1,"featured_media":30322,"comment_status":"open","ping_status":"open","sticky":false,"template":"","format":"standard","meta":{"footnotes":""},"categories":[4],"tags":[],"class_list":["post-37267","post","type-post","status-publish","format-standard","has-post-thumbnail","hentry","category-noticias"],"_links":{"self":[{"href":"https:\/\/radioimprensa.com.br\/index.php\/wp-json\/wp\/v2\/posts\/37267","targetHints":{"allow":["GET"]}}],"collection":[{"href":"https:\/\/radioimprensa.com.br\/index.php\/wp-json\/wp\/v2\/posts"}],"about":[{"href":"https:\/\/radioimprensa.com.br\/index.php\/wp-json\/wp\/v2\/types\/post"}],"author":[{"embeddable":true,"href":"https:\/\/radioimprensa.com.br\/index.php\/wp-json\/wp\/v2\/users\/1"}],"replies":[{"embeddable":true,"href":"https:\/\/radioimprensa.com.br\/index.php\/wp-json\/wp\/v2\/comments?post=37267"}],"version-history":[{"count":1,"href":"https:\/\/radioimprensa.com.br\/index.php\/wp-json\/wp\/v2\/posts\/37267\/revisions"}],"predecessor-version":[{"id":37268,"href":"https:\/\/radioimprensa.com.br\/index.php\/wp-json\/wp\/v2\/posts\/37267\/revisions\/37268"}],"wp:featuredmedia":[{"embeddable":true,"href":"https:\/\/radioimprensa.com.br\/index.php\/wp-json\/wp\/v2\/media\/30322"}],"wp:attachment":[{"href":"https:\/\/radioimprensa.com.br\/index.php\/wp-json\/wp\/v2\/media?parent=37267"}],"wp:term":[{"taxonomy":"category","embeddable":true,"href":"https:\/\/radioimprensa.com.br\/index.php\/wp-json\/wp\/v2\/categories?post=37267"},{"taxonomy":"post_tag","embeddable":true,"href":"https:\/\/radioimprensa.com.br\/index.php\/wp-json\/wp\/v2\/tags?post=37267"}],"curies":[{"name":"wp","href":"https:\/\/api.w.org\/{rel}","templated":true}]}}