{"id":37338,"date":"2025-12-09T10:25:23","date_gmt":"2025-12-09T13:25:23","guid":{"rendered":"https:\/\/radioimprensa.com.br\/?p=37338"},"modified":"2025-12-09T10:25:24","modified_gmt":"2025-12-09T13:25:24","slug":"anvisa-publica-registro-da-vacina-contra-a-dengue-do-butantan","status":"publish","type":"post","link":"https:\/\/radioimprensa.com.br\/index.php\/2025\/12\/09\/anvisa-publica-registro-da-vacina-contra-a-dengue-do-butantan\/","title":{"rendered":"Anvisa publica registro da vacina contra a dengue do Butantan"},"content":{"rendered":"\n<p>A Ag\u00eancia Nacional de Vigil\u00e2ncia Sanit\u00e1ria (Anvisa) publicou ontem (8), no Di\u00e1rio Oficial da Uni\u00e3o, o\u00a0registro da vacina contra a dengue\u00a0desenvolvida pelo Instituto Butantan.<img decoding=\"async\" src=\"https:\/\/agenciabrasil.ebc.com.br\/ebc.png?id=1671252&amp;o=node\"><img decoding=\"async\" src=\"https:\/\/agenciabrasil.ebc.com.br\/ebc.gif?id=1671252&amp;o=node\"><\/p>\n\n\n\n<p>O registro do imunizante\u00a0j\u00e1 havia sido anunciado\u00a0pelo ministro da Sa\u00fade, Alexandre Padilha, no fim de novembro.\u00a0A inten\u00e7\u00e3o da pasta \u00e9 come\u00e7ar a aplica\u00e7\u00e3o das doses em 2026, de forma gratuita, via Sistema \u00danico de Sa\u00fade (SUS).<\/p>\n\n\n\n<p>Em nota, a Anvisa informou que a publica\u00e7\u00e3o oficializa a conclus\u00e3o do processo regulat\u00f3rio e permite a produ\u00e7\u00e3o e a comercializa\u00e7\u00e3o do imunizante \u2014 que ser\u00e1 ofertado exclusivamente pela rede p\u00fablica.<\/p>\n\n\n\n<blockquote class=\"wp-block-quote is-layout-flow wp-block-quote-is-layout-flow\">\n<p>O comunicado cita ainda que a vacina \u00e9 tetravalente e combate os quatro sorotipos da dengue, al\u00e9m de ser aplicada em dose \u00fanica. \u201cEssa \u00e9 a primeira vacina contra a dengue a ser produzida por um laborat\u00f3rio nacional\u201d, completou a Anvisa.<\/p>\n\n\n\n<p>A nota ressalta que, mesmo com o registro do imunizante, o Instituto Butantan deve dar continuidade aos estudos adicionais da vacina e realizar o monitoramento ativo de seu uso pela popula\u00e7\u00e3o em geral.<\/p>\n\n\n\n<p>A indica\u00e7\u00e3o da dose aprovada pela Anvisa \u00e9 para pessoas na faixa et\u00e1ria de 12 a 59 anos, perfil que, segundo a nota, ainda pode ser ampliado no futuro, a depender de novos estudos.<\/p>\n\n\n\n<p>Em novembro, o Instituto Butantan informou que j\u00e1 havia 1 milh\u00e3o de unidades da vacina prontas para distribui\u00e7\u00e3o. A estimativa do Butantan \u00e9 ter dispon\u00edvel mais de 30 milh\u00f5es de doses em meados de 2026.<\/p>\n\n\n\n<p>Fonte: Ag\u00eancia Brasil \/ Foto: Arquivo Ag\u00eancia Brasil<\/p>\n<\/blockquote>\n","protected":false},"excerpt":{"rendered":"<p>A Ag\u00eancia Nacional de Vigil\u00e2ncia Sanit\u00e1ria (Anvisa) publicou ontem (8), no Di\u00e1rio Oficial da Uni\u00e3o, o\u00a0registro da vacina contra a dengue\u00a0desenvolvida pelo Instituto Butantan. O registro do imunizante\u00a0j\u00e1 havia sido anunciado\u00a0pelo ministro da Sa\u00fade, Alexandre Padilha, no fim de novembro.\u00a0A inten\u00e7\u00e3o da pasta \u00e9 come\u00e7ar a aplica\u00e7\u00e3o das doses em 2026, de forma gratuita, via &hellip; <\/p>\n","protected":false},"author":1,"featured_media":19393,"comment_status":"open","ping_status":"open","sticky":false,"template":"","format":"standard","meta":{"footnotes":""},"categories":[4],"tags":[],"class_list":["post-37338","post","type-post","status-publish","format-standard","has-post-thumbnail","hentry","category-noticias"],"_links":{"self":[{"href":"https:\/\/radioimprensa.com.br\/index.php\/wp-json\/wp\/v2\/posts\/37338","targetHints":{"allow":["GET"]}}],"collection":[{"href":"https:\/\/radioimprensa.com.br\/index.php\/wp-json\/wp\/v2\/posts"}],"about":[{"href":"https:\/\/radioimprensa.com.br\/index.php\/wp-json\/wp\/v2\/types\/post"}],"author":[{"embeddable":true,"href":"https:\/\/radioimprensa.com.br\/index.php\/wp-json\/wp\/v2\/users\/1"}],"replies":[{"embeddable":true,"href":"https:\/\/radioimprensa.com.br\/index.php\/wp-json\/wp\/v2\/comments?post=37338"}],"version-history":[{"count":1,"href":"https:\/\/radioimprensa.com.br\/index.php\/wp-json\/wp\/v2\/posts\/37338\/revisions"}],"predecessor-version":[{"id":37339,"href":"https:\/\/radioimprensa.com.br\/index.php\/wp-json\/wp\/v2\/posts\/37338\/revisions\/37339"}],"wp:featuredmedia":[{"embeddable":true,"href":"https:\/\/radioimprensa.com.br\/index.php\/wp-json\/wp\/v2\/media\/19393"}],"wp:attachment":[{"href":"https:\/\/radioimprensa.com.br\/index.php\/wp-json\/wp\/v2\/media?parent=37338"}],"wp:term":[{"taxonomy":"category","embeddable":true,"href":"https:\/\/radioimprensa.com.br\/index.php\/wp-json\/wp\/v2\/categories?post=37338"},{"taxonomy":"post_tag","embeddable":true,"href":"https:\/\/radioimprensa.com.br\/index.php\/wp-json\/wp\/v2\/tags?post=37338"}],"curies":[{"name":"wp","href":"https:\/\/api.w.org\/{rel}","templated":true}]}}