{"id":37359,"date":"2026-01-02T10:44:37","date_gmt":"2026-01-02T13:44:37","guid":{"rendered":"https:\/\/radioimprensa.com.br\/?p=37359"},"modified":"2026-01-02T10:44:41","modified_gmt":"2026-01-02T13:44:41","slug":"operacoes-em-sp-terminam-com-580-agressores-de-mulheres-presos","status":"publish","type":"post","link":"https:\/\/radioimprensa.com.br\/index.php\/2026\/01\/02\/operacoes-em-sp-terminam-com-580-agressores-de-mulheres-presos\/","title":{"rendered":"Opera\u00e7\u00f5es em SP terminam com 580 agressores de mulheres presos"},"content":{"rendered":"\n<p>Opera\u00e7\u00f5es realizadas pelas pol\u00edcias Civil e Militar de S\u00e3o Paulo resultaram em\u00a0580 agressores de mulheres presos\u00a0e\u00a0quase 300 motos apreendidas. As a\u00e7\u00f5es refor\u00e7aram a seguran\u00e7a p\u00fablica durante o fim de 2025. Um dos destaques, foi a mobiliza\u00e7\u00e3o de quase 2 mil policiais para cumprir mandados judiciais relacionados \u00e0 viol\u00eancia dom\u00e9stica.<\/p>\n\n\n\n<p>A primeira a\u00e7\u00e3o, realizada em conjunto entre a Secretaria da\u00a0Seguran\u00e7a P\u00fablica\u00a0e a Secretaria de Pol\u00edticas para a Mulher, cumpriu 562 mandados de pris\u00e3o em todas as regi\u00f5es do estado. A maior parte das pris\u00f5es realizadas pela Pol\u00edcia Civil ocorreu na Grande S\u00e3o Paulo, com 161 detidos. Na capital, o n\u00famero chegou a 139. Al\u00e9m disso, mais 18 homens foram presos em flagrante.<\/p>\n\n\n\n<p>O secret\u00e1rio da Seguran\u00e7a P\u00fablica, Osvaldo Nico Gon\u00e7alves, agradeceu o empenho dos mais de 1,8 policiais civis envolvidos. \u201c\u00c9 uma causa que a gente tem batalhado muito. S\u00e3o Paulo n\u00e3o vai deixar para tr\u00e1s os agressores de mulheres. Eles precisam saber que aqui existe uma pol\u00edcia firme para combater qualquer tipo de viol\u00eancia contra elas\u201d, disse o secret\u00e1rio.<\/p>\n\n\n\n<p>A coordenadora de Delegacias de Defesa da Mulher (DDMs), Cristiane Braga, detalhou o perfil dos presos. \u201cTemos crimes de toda ordem, mas a maior incid\u00eancia \u00e9 crime de les\u00e3o corporal e descumprimento de medida protetiva, o que mostra um perfil de desrespeito a decis\u00f5es judiciais. Com isso, evitamos que ele reincida em condutas mais graves. A maioria deles s\u00e3o conviventes ou ex-conviventes, mais jovens e j\u00e1 condenados\u201d, afirmou.<\/p>\n\n\n\n<p>A opera\u00e7\u00e3o Ano Novo, Vida Nova come\u00e7ou na segunda-feira (29). O trabalho envolveu todos os Departamentos de Pol\u00edcia Judici\u00e1ria do Interior e todas as seccionais do Departamento de Pol\u00edcia Judici\u00e1ria da Capital, com atua\u00e7\u00e3o direta das Delegacias de Defesa da Mulher.<\/p>\n\n\n\n<p>Em novembro, outros 1,3 mil agressores de mulheres j\u00e1 haviam sido presos durante a opera\u00e7\u00e3o Hera II, que durante 21 dias intensificou o combate \u00e0 viol\u00eancia dom\u00e9stica no estado. At\u00e9 outubro deste ano, mais de 11 mil infratores foram detidos pelas for\u00e7as de seguran\u00e7a paulista.<\/p>\n\n\n\n<p>Fonte: Ag\u00eancia SP \/ Foto: Divulga\u00e7\u00e3o GovSP<\/p>\n","protected":false},"excerpt":{"rendered":"<p>Opera\u00e7\u00f5es realizadas pelas pol\u00edcias Civil e Militar de S\u00e3o Paulo resultaram em\u00a0580 agressores de mulheres presos\u00a0e\u00a0quase 300 motos apreendidas. As a\u00e7\u00f5es refor\u00e7aram a seguran\u00e7a p\u00fablica durante o fim de 2025. Um dos destaques, foi a mobiliza\u00e7\u00e3o de quase 2 mil policiais para cumprir mandados judiciais relacionados \u00e0 viol\u00eancia dom\u00e9stica. A primeira a\u00e7\u00e3o, realizada em conjunto &hellip; <\/p>\n","protected":false},"author":1,"featured_media":37360,"comment_status":"open","ping_status":"open","sticky":false,"template":"","format":"standard","meta":{"footnotes":""},"categories":[4],"tags":[],"class_list":["post-37359","post","type-post","status-publish","format-standard","has-post-thumbnail","hentry","category-noticias"],"_links":{"self":[{"href":"https:\/\/radioimprensa.com.br\/index.php\/wp-json\/wp\/v2\/posts\/37359","targetHints":{"allow":["GET"]}}],"collection":[{"href":"https:\/\/radioimprensa.com.br\/index.php\/wp-json\/wp\/v2\/posts"}],"about":[{"href":"https:\/\/radioimprensa.com.br\/index.php\/wp-json\/wp\/v2\/types\/post"}],"author":[{"embeddable":true,"href":"https:\/\/radioimprensa.com.br\/index.php\/wp-json\/wp\/v2\/users\/1"}],"replies":[{"embeddable":true,"href":"https:\/\/radioimprensa.com.br\/index.php\/wp-json\/wp\/v2\/comments?post=37359"}],"version-history":[{"count":1,"href":"https:\/\/radioimprensa.com.br\/index.php\/wp-json\/wp\/v2\/posts\/37359\/revisions"}],"predecessor-version":[{"id":37361,"href":"https:\/\/radioimprensa.com.br\/index.php\/wp-json\/wp\/v2\/posts\/37359\/revisions\/37361"}],"wp:featuredmedia":[{"embeddable":true,"href":"https:\/\/radioimprensa.com.br\/index.php\/wp-json\/wp\/v2\/media\/37360"}],"wp:attachment":[{"href":"https:\/\/radioimprensa.com.br\/index.php\/wp-json\/wp\/v2\/media?parent=37359"}],"wp:term":[{"taxonomy":"category","embeddable":true,"href":"https:\/\/radioimprensa.com.br\/index.php\/wp-json\/wp\/v2\/categories?post=37359"},{"taxonomy":"post_tag","embeddable":true,"href":"https:\/\/radioimprensa.com.br\/index.php\/wp-json\/wp\/v2\/tags?post=37359"}],"curies":[{"name":"wp","href":"https:\/\/api.w.org\/{rel}","templated":true}]}}