{"id":37364,"date":"2026-01-02T10:54:37","date_gmt":"2026-01-02T13:54:37","guid":{"rendered":"https:\/\/radioimprensa.com.br\/?p=37364"},"modified":"2026-01-02T10:54:38","modified_gmt":"2026-01-02T13:54:38","slug":"lei-cria-licenca-ambiental-especial-para-acelerar-obras-estrategicas","status":"publish","type":"post","link":"https:\/\/radioimprensa.com.br\/index.php\/2026\/01\/02\/lei-cria-licenca-ambiental-especial-para-acelerar-obras-estrategicas\/","title":{"rendered":"Lei cria licen\u00e7a ambiental especial para acelerar obras estrat\u00e9gicas"},"content":{"rendered":"\n<p>Est\u00e1 em vigor a lei que cria a Licen\u00e7a Ambiental Especial (LAE), voltada a acelerar o licenciamento ambiental de obras consideradas estrat\u00e9gicas pelo governo federal.<\/p>\n\n\n\n<p>A Lei 15.300\/25, publicada no Di\u00e1rio Oficial da Uni\u00e3o, institui a LAE como um tipo de autoriza\u00e7\u00e3o ambiental com an\u00e1lise priorit\u00e1ria. O objetivo \u00e9 reduzir o tempo de avalia\u00e7\u00e3o de projetos considerados essenciais para o Pa\u00eds.<\/p>\n\n\n\n<p>A LAE \u00e9 concedida pelo \u00f3rg\u00e3o respons\u00e1vel pelo licenciamento ambiental e estabelece as regras que o empreendedor deve cumprir para implantar e operar o empreendimento. A lei permite o uso desse tipo de licen\u00e7a mesmo em projetos com impacto ambiental relevante, desde que sejam cumpridas todas as exig\u00eancias previstas na legisla\u00e7\u00e3o ambiental.<\/p>\n\n\n\n<p>A norma resulta da convers\u00e3o da Medida Provis\u00f3ria 1308\/25, aprovada pelo Congresso. Ap\u00f3s a vota\u00e7\u00e3o, o texto foi sancionado pelo presidente da Rep\u00fablica, Luiz In\u00e1cio Lula da Silva.<\/p>\n\n\n\n<p><strong>Prazo do licenciamento<\/strong><\/p>\n\n\n\n<p>A LAE ser\u00e1 aplicada apenas a atividades e obras classificadas como estrat\u00e9gicas em decreto, com base em proposta do Conselho de Governo. Esses processos ter\u00e3o prioridade de an\u00e1lise, tanto no \u00f3rg\u00e3o licenciador quanto nos demais \u00f3rg\u00e3os p\u00fablicos envolvidos.<\/p>\n\n\n\n<p>A lei fixa prazo m\u00e1ximo de 12 meses para a conclus\u00e3o do licenciamento ambiental especial, contado a partir da entrega de todos os estudos e documentos exigidos. O processo inclui:<\/p>\n\n\n\n<ul class=\"wp-block-list\">\n<li>defini\u00e7\u00e3o das informa\u00e7\u00f5es necess\u00e1rias;<\/li>\n\n\n\n<li>apresenta\u00e7\u00e3o dos estudos ambientais;<\/li>\n\n\n\n<li>realiza\u00e7\u00e3o obrigat\u00f3ria de audi\u00eancia p\u00fablica; e<\/li>\n\n\n\n<li>emiss\u00e3o de parecer final sobre a autoriza\u00e7\u00e3o do empreendimento.<\/li>\n<\/ul>\n\n\n\n<p>A norma tamb\u00e9m considera estrat\u00e9gicas as obras de recupera\u00e7\u00e3o e melhoria de rodovias federais j\u00e1 existentes que fa\u00e7am liga\u00e7\u00e3o relevante entre estados. Nesses casos, a lei estabelece prazos espec\u00edficos para a entrega dos estudos e para a decis\u00e3o sobre a licen\u00e7a de instala\u00e7\u00e3o.<\/p>\n\n\n\n<p>Fonte: Ag\u00eancia C\u00e2mara de Not\u00edcias (com Ag\u00eancia Senado) \/ Foto: Rovena Rosa, Arquivo Ag\u00eancia Brasil<\/p>\n","protected":false},"excerpt":{"rendered":"<p>Est\u00e1 em vigor a lei que cria a Licen\u00e7a Ambiental Especial (LAE), voltada a acelerar o licenciamento ambiental de obras consideradas estrat\u00e9gicas pelo governo federal. A Lei 15.300\/25, publicada no Di\u00e1rio Oficial da Uni\u00e3o, institui a LAE como um tipo de autoriza\u00e7\u00e3o ambiental com an\u00e1lise priorit\u00e1ria. O objetivo \u00e9 reduzir o tempo de avalia\u00e7\u00e3o de &hellip; <\/p>\n","protected":false},"author":1,"featured_media":37365,"comment_status":"open","ping_status":"open","sticky":false,"template":"","format":"standard","meta":{"footnotes":""},"categories":[4],"tags":[],"class_list":["post-37364","post","type-post","status-publish","format-standard","has-post-thumbnail","hentry","category-noticias"],"_links":{"self":[{"href":"https:\/\/radioimprensa.com.br\/index.php\/wp-json\/wp\/v2\/posts\/37364","targetHints":{"allow":["GET"]}}],"collection":[{"href":"https:\/\/radioimprensa.com.br\/index.php\/wp-json\/wp\/v2\/posts"}],"about":[{"href":"https:\/\/radioimprensa.com.br\/index.php\/wp-json\/wp\/v2\/types\/post"}],"author":[{"embeddable":true,"href":"https:\/\/radioimprensa.com.br\/index.php\/wp-json\/wp\/v2\/users\/1"}],"replies":[{"embeddable":true,"href":"https:\/\/radioimprensa.com.br\/index.php\/wp-json\/wp\/v2\/comments?post=37364"}],"version-history":[{"count":1,"href":"https:\/\/radioimprensa.com.br\/index.php\/wp-json\/wp\/v2\/posts\/37364\/revisions"}],"predecessor-version":[{"id":37366,"href":"https:\/\/radioimprensa.com.br\/index.php\/wp-json\/wp\/v2\/posts\/37364\/revisions\/37366"}],"wp:featuredmedia":[{"embeddable":true,"href":"https:\/\/radioimprensa.com.br\/index.php\/wp-json\/wp\/v2\/media\/37365"}],"wp:attachment":[{"href":"https:\/\/radioimprensa.com.br\/index.php\/wp-json\/wp\/v2\/media?parent=37364"}],"wp:term":[{"taxonomy":"category","embeddable":true,"href":"https:\/\/radioimprensa.com.br\/index.php\/wp-json\/wp\/v2\/categories?post=37364"},{"taxonomy":"post_tag","embeddable":true,"href":"https:\/\/radioimprensa.com.br\/index.php\/wp-json\/wp\/v2\/tags?post=37364"}],"curies":[{"name":"wp","href":"https:\/\/api.w.org\/{rel}","templated":true}]}}