{"id":37905,"date":"2026-08-29T09:49:54","date_gmt":"2026-08-29T12:49:54","guid":{"rendered":"https:\/\/radioimprensa.com.br\/?p=37905"},"modified":"2026-08-29T09:49:55","modified_gmt":"2026-08-29T12:49:55","slug":"bandeira-tarifaria-de-energia-seguira-amarela-em-setembro","status":"publish","type":"post","link":"https:\/\/radioimprensa.com.br\/index.php\/2026\/08\/29\/bandeira-tarifaria-de-energia-seguira-amarela-em-setembro\/","title":{"rendered":"Bandeira tarif\u00e1ria de energia seguir\u00e1 Amarela em setembro"},"content":{"rendered":"\n<p class=\"wp-block-paragraph\">A bandeira tarif\u00e1ria permanecer\u00e1 amarela em setembro, informou nesta sexta-feira (28) a Ag\u00eancia Nacional de Energia El\u00e9trica (Aneel). Ser\u00e1 mantido o acr\u00e9scimo nas contas de luz, no pr\u00f3ximo m\u00eas, para todos os consumidores conectados ao Sistema Interligado Nacional (SIN). O custo adicional da bandeira \u00e9 de R$ 1,885 a cada 100 kWh consumidos.<img decoding=\"async\" src=\"https:\/\/agenciabrasil.ebc.com.br\/ebc.png?id=1700976&amp;o=node\"><img decoding=\"async\" src=\"https:\/\/agenciabrasil.ebc.com.br\/ebc.gif?id=1700976&amp;o=node\"><\/p>\n\n\n\n<p class=\"wp-block-paragraph\">\u00c9 o quinto m\u00eas consecutivo com a bandeira amarela. Segundo a Aneel,\u00a0a manuten\u00e7\u00e3o da bandeira se deve ao per\u00edodo seco no Brasil, o que leva a uma gera\u00e7\u00e3o hidrel\u00e9trica menor, devido ao menor n\u00edvel dos reservat\u00f3rios, e ao acionamento de usinas termel\u00e9tricas, com custo mais elevado.<\/p>\n\n\n\n<p class=\"wp-block-paragraph\">\u201cA sinaliza\u00e7\u00e3o reflete condi\u00e7\u00f5es menos favor\u00e1veis de gera\u00e7\u00e3o de energia no pa\u00eds, com necessidade de utiliza\u00e7\u00e3o de fontes de gera\u00e7\u00e3o com custos mais elevados&#8221;, disse a Aneel.<\/p>\n\n\n\n<p class=\"wp-block-paragraph\">A ag\u00eancia reguladora ressaltou a necessidade do uso consciente da energia el\u00e9trica.<\/p>\n\n\n\n<p class=\"wp-block-paragraph\">&#8220;Pequenas mudan\u00e7as de h\u00e1bito podem contribuir para reduzir o consumo e ajudar no controle dos gastos com a conta de luz&#8221;, recomenda.<\/p>\n\n\n\n<p class=\"wp-block-paragraph\">Criado em 2015 pela Aneel, o sistema de bandeiras tarif\u00e1rias reflete os custos vari\u00e1veis da gera\u00e7\u00e3o de energia el\u00e9trica. Divididas em cores, as bandeiras indicam quanto est\u00e1 custando para o Sistema Interligado Nacional (SIN) gerar a energia usada nas resid\u00eancias, em estabelecimentos comerciais e nas ind\u00fastrias.<\/p>\n\n\n\n<p class=\"wp-block-paragraph\">As cores das bandeiras tarif\u00e1rias s\u00e3o definidas a partir da previs\u00e3o de varia\u00e7\u00e3o do custo da energia em cada m\u00eas. Quando a conta de luz \u00e9 calculada pela bandeira verde, n\u00e3o h\u00e1 nenhum acr\u00e9scimo. Quando s\u00e3o aplicadas as bandeiras vermelha ou amarela, a conta sofre acr\u00e9scimo a cada 100 quilowatts-hora (kWh) consumido.<\/p>\n\n\n\n<p class=\"wp-block-paragraph\">Os valores cobrados s\u00e3o os seguintes:&nbsp;<\/p>\n\n\n\n<ul class=\"wp-block-list\">\n<li>bandeira amarela, com condi\u00e7\u00f5es de gera\u00e7\u00e3o menos favor\u00e1veis, a tarifa sofre acr\u00e9scimo de R$ 1,88 para cada 100 quilowatt-hora (kWh) consumidos;\u00a0<\/li>\n\n\n\n<li>bandeira vermelha, no Patamar 1, com condi\u00e7\u00f5es mais custosas de gera\u00e7\u00e3o, a tarifa sofre acr\u00e9scimo de R$ 4,46 para 100 quilowatt-hora kWh consumido;\u00a0<\/li>\n\n\n\n<li>bandeira vermelha, no Patamar 2, as condi\u00e7\u00f5es de gera\u00e7\u00e3o s\u00e3o ainda mais custosas, com a tarifa sofrendo acr\u00e9scimo de R$ 7,87 para cada 100 quilowatt-hora kWh consumido.\u00a0<\/li>\n<\/ul>\n\n\n\n<p class=\"wp-block-paragraph\">Fonte: Ag\u00eancia Brasil \/ Foto: Marcello Casal Jr., Ag\u00eancia Brasil<\/p>\n\n\n<figure class=\"wp-block-post-featured-image\"><img fetchpriority=\"high\" decoding=\"async\" width=\"686\" height=\"442\" src=\"https:\/\/radioimprensa.com.br\/wp-content\/uploads\/2021\/02\/ANEEL-Marcello-Casal-Jr-Agencia-Brasil.jpg\" class=\"attachment-post-thumbnail size-post-thumbnail wp-post-image\" alt=\"\" style=\"object-fit:cover;\" srcset=\"https:\/\/radioimprensa.com.br\/wp-content\/uploads\/2021\/02\/ANEEL-Marcello-Casal-Jr-Agencia-Brasil.jpg 686w, https:\/\/radioimprensa.com.br\/wp-content\/uploads\/2021\/02\/ANEEL-Marcello-Casal-Jr-Agencia-Brasil-300x193.jpg 300w, https:\/\/radioimprensa.com.br\/wp-content\/uploads\/2021\/02\/ANEEL-Marcello-Casal-Jr-Agencia-Brasil-93x60.jpg 93w\" sizes=\"(max-width: 686px) 100vw, 686px\" \/><\/figure>","protected":false},"excerpt":{"rendered":"<p>A bandeira tarif\u00e1ria permanecer\u00e1 amarela em setembro, informou nesta sexta-feira (28) a Ag\u00eancia Nacional de Energia El\u00e9trica (Aneel). Ser\u00e1 mantido o acr\u00e9scimo nas contas de luz, no pr\u00f3ximo m\u00eas, para todos os consumidores conectados ao Sistema Interligado Nacional (SIN). O custo adicional da bandeira \u00e9 de R$ 1,885 a cada 100 kWh consumidos. \u00c9 o &hellip; <\/p>\n","protected":false},"author":1,"featured_media":27633,"comment_status":"open","ping_status":"open","sticky":false,"template":"","format":"standard","meta":{"footnotes":""},"categories":[4],"tags":[],"class_list":["post-37905","post","type-post","status-publish","format-standard","has-post-thumbnail","hentry","category-noticias"],"_links":{"self":[{"href":"https:\/\/radioimprensa.com.br\/index.php\/wp-json\/wp\/v2\/posts\/37905","targetHints":{"allow":["GET"]}}],"collection":[{"href":"https:\/\/radioimprensa.com.br\/index.php\/wp-json\/wp\/v2\/posts"}],"about":[{"href":"https:\/\/radioimprensa.com.br\/index.php\/wp-json\/wp\/v2\/types\/post"}],"author":[{"embeddable":true,"href":"https:\/\/radioimprensa.com.br\/index.php\/wp-json\/wp\/v2\/users\/1"}],"replies":[{"embeddable":true,"href":"https:\/\/radioimprensa.com.br\/index.php\/wp-json\/wp\/v2\/comments?post=37905"}],"version-history":[{"count":1,"href":"https:\/\/radioimprensa.com.br\/index.php\/wp-json\/wp\/v2\/posts\/37905\/revisions"}],"predecessor-version":[{"id":37906,"href":"https:\/\/radioimprensa.com.br\/index.php\/wp-json\/wp\/v2\/posts\/37905\/revisions\/37906"}],"wp:featuredmedia":[{"embeddable":true,"href":"https:\/\/radioimprensa.com.br\/index.php\/wp-json\/wp\/v2\/media\/27633"}],"wp:attachment":[{"href":"https:\/\/radioimprensa.com.br\/index.php\/wp-json\/wp\/v2\/media?parent=37905"}],"wp:term":[{"taxonomy":"category","embeddable":true,"href":"https:\/\/radioimprensa.com.br\/index.php\/wp-json\/wp\/v2\/categories?post=37905"},{"taxonomy":"post_tag","embeddable":true,"href":"https:\/\/radioimprensa.com.br\/index.php\/wp-json\/wp\/v2\/tags?post=37905"}],"curies":[{"name":"wp","href":"https:\/\/api.w.org\/{rel}","templated":true}]}}