{"id":37910,"date":"2026-09-02T06:43:20","date_gmt":"2026-09-02T09:43:20","guid":{"rendered":"https:\/\/radioimprensa.com.br\/?p=37910"},"modified":"2026-09-02T06:43:21","modified_gmt":"2026-09-02T09:43:21","slug":"passageiro-tem-ate-outubro-para-usar-bilhetes-magneticos-do-metro","status":"publish","type":"post","link":"https:\/\/radioimprensa.com.br\/index.php\/2026\/09\/02\/passageiro-tem-ate-outubro-para-usar-bilhetes-magneticos-do-metro\/","title":{"rendered":"Passageiro tem at\u00e9 outubro para usar bilhetes magn\u00e9ticos do Metr\u00f4"},"content":{"rendered":"\n<p class=\"wp-block-paragraph\">Os passageiros que ainda t\u00eam bilhetes magn\u00e9ticos do Metr\u00f4 de S\u00e3o Paulo t\u00eam at\u00e9 31 de outubro para utilizar os t\u00edquetes na rede. A partir de 1\u00ba de novembro, os cart\u00f5es deixar\u00e3o de ser aceitos nas catracas das linhas 1-Azul, 2-Verde, 3-Vermelha e 15-Prata. Quem n\u00e3o utilizar os t\u00edquetes at\u00e9 a data limite poder\u00e1 fazer a substitui\u00e7\u00e3o por passagens em formato QR Code at\u00e9 janeiro de 2027. Os locais e procedimentos para a troca ser\u00e3o informados pelo Metr\u00f4.<\/p>\n\n\n\n<p class=\"wp-block-paragraph\">A retirada definitiva do bilhete de papel-cart\u00e3o encerra um formato que acompanhou a expans\u00e3o do sistema metrovi\u00e1rio por d\u00e9cadas. A fabrica\u00e7\u00e3o dos bilhetes tradicionais foi interrompida em 2021, e, desde ent\u00e3o, o QR Code passou a ganhar espa\u00e7o como principal alternativa para as viagens avulsas.<\/p>\n\n\n\n<p class=\"wp-block-paragraph\">Al\u00e9m de modernizar o acesso, a tecnologia simplifica a compra e a valida\u00e7\u00e3o da passagem, reduz problemas de leitura dos bilhetes impressos e diminui a necessidade de produ\u00e7\u00e3o, transporte e armazenamento de cart\u00f5es f\u00edsicos.<\/p>\n\n\n\n<p class=\"wp-block-paragraph\">Com o fim dos bilhetes magn\u00e9ticos, o acesso \u00e0 rede segue dispon\u00edvel pelo Bilhete \u00danico, pelo cart\u00e3o TOP e pelo QR Code digital. A passagem tamb\u00e9m pode ser comprada antecipadamente pelo celular, por meio de aplicativo ou WhatsApp, e validada diretamente na tela do aparelho. O pagamento pode ser feito em dinheiro, cart\u00e3o de d\u00e9bito, cart\u00e3o de cr\u00e9dito ou Pix.<\/p>\n\n\n\n<p class=\"wp-block-paragraph\">Para quem prefere o atendimento presencial, continuam dispon\u00edveis nas bilheterias os totens de autoatendimento nas esta\u00e7\u00f5es.<\/p>\n\n\n\n<p class=\"wp-block-paragraph\">Fonte: Ag\u00eancia SP \/ Foto: Divulga\u00e7\u00e3o via Ag\u00eancia SP<\/p>\n\n\n<figure class=\"wp-block-post-featured-image\"><img fetchpriority=\"high\" decoding=\"async\" width=\"880\" height=\"542\" src=\"https:\/\/radioimprensa.com.br\/wp-content\/uploads\/2026\/09\/Metro-passagens-Divulgacao-Ag-SP.jpg\" class=\"attachment-post-thumbnail size-post-thumbnail wp-post-image\" alt=\"\" style=\"object-fit:cover;\" srcset=\"https:\/\/radioimprensa.com.br\/wp-content\/uploads\/2026\/09\/Metro-passagens-Divulgacao-Ag-SP.jpg 880w, https:\/\/radioimprensa.com.br\/wp-content\/uploads\/2026\/09\/Metro-passagens-Divulgacao-Ag-SP-300x185.jpg 300w, https:\/\/radioimprensa.com.br\/wp-content\/uploads\/2026\/09\/Metro-passagens-Divulgacao-Ag-SP-768x473.jpg 768w, https:\/\/radioimprensa.com.br\/wp-content\/uploads\/2026\/09\/Metro-passagens-Divulgacao-Ag-SP-97x60.jpg 97w\" sizes=\"(max-width: 880px) 100vw, 880px\" \/><\/figure>","protected":false},"excerpt":{"rendered":"<p>Os passageiros que ainda t\u00eam bilhetes magn\u00e9ticos do Metr\u00f4 de S\u00e3o Paulo t\u00eam at\u00e9 31 de outubro para utilizar os t\u00edquetes na rede. A partir de 1\u00ba de novembro, os cart\u00f5es deixar\u00e3o de ser aceitos nas catracas das linhas 1-Azul, 2-Verde, 3-Vermelha e 15-Prata. Quem n\u00e3o utilizar os t\u00edquetes at\u00e9 a data limite poder\u00e1 fazer &hellip; <\/p>\n","protected":false},"author":1,"featured_media":37911,"comment_status":"open","ping_status":"open","sticky":false,"template":"","format":"standard","meta":{"footnotes":""},"categories":[4],"tags":[],"class_list":["post-37910","post","type-post","status-publish","format-standard","has-post-thumbnail","hentry","category-noticias"],"_links":{"self":[{"href":"https:\/\/radioimprensa.com.br\/index.php\/wp-json\/wp\/v2\/posts\/37910","targetHints":{"allow":["GET"]}}],"collection":[{"href":"https:\/\/radioimprensa.com.br\/index.php\/wp-json\/wp\/v2\/posts"}],"about":[{"href":"https:\/\/radioimprensa.com.br\/index.php\/wp-json\/wp\/v2\/types\/post"}],"author":[{"embeddable":true,"href":"https:\/\/radioimprensa.com.br\/index.php\/wp-json\/wp\/v2\/users\/1"}],"replies":[{"embeddable":true,"href":"https:\/\/radioimprensa.com.br\/index.php\/wp-json\/wp\/v2\/comments?post=37910"}],"version-history":[{"count":1,"href":"https:\/\/radioimprensa.com.br\/index.php\/wp-json\/wp\/v2\/posts\/37910\/revisions"}],"predecessor-version":[{"id":37912,"href":"https:\/\/radioimprensa.com.br\/index.php\/wp-json\/wp\/v2\/posts\/37910\/revisions\/37912"}],"wp:featuredmedia":[{"embeddable":true,"href":"https:\/\/radioimprensa.com.br\/index.php\/wp-json\/wp\/v2\/media\/37911"}],"wp:attachment":[{"href":"https:\/\/radioimprensa.com.br\/index.php\/wp-json\/wp\/v2\/media?parent=37910"}],"wp:term":[{"taxonomy":"category","embeddable":true,"href":"https:\/\/radioimprensa.com.br\/index.php\/wp-json\/wp\/v2\/categories?post=37910"},{"taxonomy":"post_tag","embeddable":true,"href":"https:\/\/radioimprensa.com.br\/index.php\/wp-json\/wp\/v2\/tags?post=37910"}],"curies":[{"name":"wp","href":"https:\/\/api.w.org\/{rel}","templated":true}]}}