{"id":37913,"date":"2026-09-02T06:59:01","date_gmt":"2026-09-02T09:59:01","guid":{"rendered":"https:\/\/radioimprensa.com.br\/?p=37913"},"modified":"2026-09-02T07:18:29","modified_gmt":"2026-09-02T10:18:29","slug":"rogerio-valenca-ex-calcinha-preta-e-ex-caviar-com-rapadura-faleceu-em-sergipe","status":"publish","type":"post","link":"https:\/\/radioimprensa.com.br\/index.php\/2026\/09\/02\/rogerio-valenca-ex-calcinha-preta-e-ex-caviar-com-rapadura-faleceu-em-sergipe\/","title":{"rendered":"Cantor Rog\u00e9rio Valen\u00e7a, ex-Calcinha Preta e ex-Caviar com Rapadura, faleceu em Sergipe"},"content":{"rendered":"\n<p class=\"wp-block-paragraph\">O cantor Rog\u00e9rio Valen\u00e7a, ex-vocalista da Calcinha Preta, morreu aos 55 anos na segunda-feira, 31, em Aracaju. A causa da morte n\u00e3o foi informada, mas o artista fazia tratamento contra uma insufici\u00eancia renal e aguardava um transplante de rim.<\/p>\n\n\n\n<p class=\"wp-block-paragraph\">Natural de Garanhuns, em Pernambuco, Valen\u00e7a construiu parte da carreira no forr\u00f3 e passou por grupos como Calcinha Preta e Caviar com Rapadura.&nbsp;Nos \u00faltimos anos, apesar da limita\u00e7\u00e3o de sa\u00fade, o cantor se apresentava com a banda Raio da Silibrina.<\/p>\n\n\n\n<p class=\"wp-block-paragraph\">Nas redes sociais, a banda&nbsp;publicou nota de pesar: &#8220;Ficam a saudade, as lembran\u00e7as dos momentos vividos e a gratid\u00e3o por tudo que ele representou. Que Deus conforte o cora\u00e7\u00e3o de toda a fam\u00edlia, amigos e de todos que est\u00e3o sentindo essa perda&#8221;.<\/p>\n\n\n\n<p class=\"wp-block-paragraph\">Fonte: Portal Terra \/ Foto: Reprodu\u00e7\u00e3o<\/p>\n\n\n<figure class=\"wp-block-post-featured-image\"><img fetchpriority=\"high\" decoding=\"async\" width=\"417\" height=\"342\" src=\"https:\/\/radioimprensa.com.br\/wp-content\/uploads\/2026\/09\/Rogerio-vocalista-Reproducao.jpg\" class=\"attachment-post-thumbnail size-post-thumbnail wp-post-image\" alt=\"\" style=\"object-fit:cover;\" srcset=\"https:\/\/radioimprensa.com.br\/wp-content\/uploads\/2026\/09\/Rogerio-vocalista-Reproducao.jpg 417w, https:\/\/radioimprensa.com.br\/wp-content\/uploads\/2026\/09\/Rogerio-vocalista-Reproducao-300x246.jpg 300w, https:\/\/radioimprensa.com.br\/wp-content\/uploads\/2026\/09\/Rogerio-vocalista-Reproducao-73x60.jpg 73w\" sizes=\"(max-width: 417px) 100vw, 417px\" \/><\/figure>","protected":false},"excerpt":{"rendered":"<p>O cantor Rog\u00e9rio Valen\u00e7a, ex-vocalista da Calcinha Preta, morreu aos 55 anos na segunda-feira, 31, em Aracaju. A causa da morte n\u00e3o foi informada, mas o artista fazia tratamento contra uma insufici\u00eancia renal e aguardava um transplante de rim. Natural de Garanhuns, em Pernambuco, Valen\u00e7a construiu parte da carreira no forr\u00f3 e passou por grupos &hellip; <\/p>\n","protected":false},"author":1,"featured_media":37914,"comment_status":"open","ping_status":"open","sticky":false,"template":"","format":"standard","meta":{"footnotes":""},"categories":[4],"tags":[],"class_list":["post-37913","post","type-post","status-publish","format-standard","has-post-thumbnail","hentry","category-noticias"],"_links":{"self":[{"href":"https:\/\/radioimprensa.com.br\/index.php\/wp-json\/wp\/v2\/posts\/37913","targetHints":{"allow":["GET"]}}],"collection":[{"href":"https:\/\/radioimprensa.com.br\/index.php\/wp-json\/wp\/v2\/posts"}],"about":[{"href":"https:\/\/radioimprensa.com.br\/index.php\/wp-json\/wp\/v2\/types\/post"}],"author":[{"embeddable":true,"href":"https:\/\/radioimprensa.com.br\/index.php\/wp-json\/wp\/v2\/users\/1"}],"replies":[{"embeddable":true,"href":"https:\/\/radioimprensa.com.br\/index.php\/wp-json\/wp\/v2\/comments?post=37913"}],"version-history":[{"count":2,"href":"https:\/\/radioimprensa.com.br\/index.php\/wp-json\/wp\/v2\/posts\/37913\/revisions"}],"predecessor-version":[{"id":37919,"href":"https:\/\/radioimprensa.com.br\/index.php\/wp-json\/wp\/v2\/posts\/37913\/revisions\/37919"}],"wp:featuredmedia":[{"embeddable":true,"href":"https:\/\/radioimprensa.com.br\/index.php\/wp-json\/wp\/v2\/media\/37914"}],"wp:attachment":[{"href":"https:\/\/radioimprensa.com.br\/index.php\/wp-json\/wp\/v2\/media?parent=37913"}],"wp:term":[{"taxonomy":"category","embeddable":true,"href":"https:\/\/radioimprensa.com.br\/index.php\/wp-json\/wp\/v2\/categories?post=37913"},{"taxonomy":"post_tag","embeddable":true,"href":"https:\/\/radioimprensa.com.br\/index.php\/wp-json\/wp\/v2\/tags?post=37913"}],"curies":[{"name":"wp","href":"https:\/\/api.w.org\/{rel}","templated":true}]}}