{"id":37916,"date":"2026-09-02T07:17:20","date_gmt":"2026-09-02T10:17:20","guid":{"rendered":"https:\/\/radioimprensa.com.br\/?p=37916"},"modified":"2026-09-02T07:19:55","modified_gmt":"2026-09-02T10:19:55","slug":"barcelona-oficializa-contratacao-de-gabriel-jesus","status":"publish","type":"post","link":"https:\/\/radioimprensa.com.br\/index.php\/2026\/09\/02\/barcelona-oficializa-contratacao-de-gabriel-jesus\/","title":{"rendered":"Barcelona contrata atacante Gabriel Jesus"},"content":{"rendered":"\n<p class=\"wp-block-paragraph\">O Barcelona oficializou na manh\u00e3 desta ter\u00e7a-feira (1) a contrata\u00e7\u00e3o do atacante\u00a0Gabriel Jesus, que defendeu o Arsenal nas \u00faltimas temporadas. Aos 29 anos, o jogador brasileiro disputar\u00e1 sua d\u00e9cima temporada no futebol europeu.<\/p>\n\n\n\n<p class=\"wp-block-paragraph\">O acerto definitivo entre as partes prev\u00ea um contrato v\u00e1lido at\u00e9 junho de 2029. Para fechar o neg\u00f3cio com a equipe de Londres, o clube catal\u00e3o investiu cerca de 10 milh\u00f5es de euros (aproximadamente R$ 60 milh\u00f5es na cota\u00e7\u00e3o atual).<\/p>\n\n\n\n<p class=\"wp-block-paragraph\">O Palmeiras tamb\u00e9m lucrar\u00e1 com a transfer\u00eancia do atacante para a Espanha. Por ter atuado na forma\u00e7\u00e3o do atleta, o clube paulista tem direito a 2% do valor total da transa\u00e7\u00e3o pelo mecanismo de solidariedade da Fifa, garantindo o recebimento de R$ 1,2 milh\u00e3o.<\/p>\n\n\n\n<p class=\"wp-block-paragraph\">Ap\u00f3s se destacar e conquistar t\u00edtulo pelo Palmeiras, Gabriel Jesus foi negociado com o Manchester City, onde construiu n\u00fameros expressivos.<\/p>\n\n\n\n<ul class=\"wp-block-list\">\n<li><strong>Manchester City:<\/strong>\u00a0236 partidas, 95 gols, 45 assist\u00eancias e quatro t\u00edtulos da Premier League.<\/li>\n\n\n\n<li><strong>Arsenal:<\/strong>\u00a0123 partidas em duas temporadas, 32 gols, 22 assist\u00eancias e o seu quinto trof\u00e9u de Premier League na carreira.<\/li>\n<\/ul>\n\n\n\n<p class=\"wp-block-paragraph\">Fonte: Band \/ Foto: Divulga\u00e7\u00e3o<\/p>\n\n\n<figure class=\"wp-block-post-featured-image\"><img fetchpriority=\"high\" decoding=\"async\" width=\"541\" height=\"336\" src=\"https:\/\/radioimprensa.com.br\/wp-content\/uploads\/2026\/09\/Gabriel-Jesus-Barcelona-Divulgacao.jpg\" class=\"attachment-post-thumbnail size-post-thumbnail wp-post-image\" alt=\"\" style=\"object-fit:cover;\" srcset=\"https:\/\/radioimprensa.com.br\/wp-content\/uploads\/2026\/09\/Gabriel-Jesus-Barcelona-Divulgacao.jpg 541w, https:\/\/radioimprensa.com.br\/wp-content\/uploads\/2026\/09\/Gabriel-Jesus-Barcelona-Divulgacao-300x186.jpg 300w, https:\/\/radioimprensa.com.br\/wp-content\/uploads\/2026\/09\/Gabriel-Jesus-Barcelona-Divulgacao-320x200.jpg 320w, https:\/\/radioimprensa.com.br\/wp-content\/uploads\/2026\/09\/Gabriel-Jesus-Barcelona-Divulgacao-97x60.jpg 97w\" sizes=\"(max-width: 541px) 100vw, 541px\" \/><\/figure>","protected":false},"excerpt":{"rendered":"<p>O Barcelona oficializou na manh\u00e3 desta ter\u00e7a-feira (1) a contrata\u00e7\u00e3o do atacante\u00a0Gabriel Jesus, que defendeu o Arsenal nas \u00faltimas temporadas. Aos 29 anos, o jogador brasileiro disputar\u00e1 sua d\u00e9cima temporada no futebol europeu. O acerto definitivo entre as partes prev\u00ea um contrato v\u00e1lido at\u00e9 junho de 2029. Para fechar o neg\u00f3cio com a equipe de &hellip; <\/p>\n","protected":false},"author":1,"featured_media":37917,"comment_status":"open","ping_status":"open","sticky":false,"template":"","format":"standard","meta":{"footnotes":""},"categories":[4],"tags":[],"class_list":["post-37916","post","type-post","status-publish","format-standard","has-post-thumbnail","hentry","category-noticias"],"_links":{"self":[{"href":"https:\/\/radioimprensa.com.br\/index.php\/wp-json\/wp\/v2\/posts\/37916","targetHints":{"allow":["GET"]}}],"collection":[{"href":"https:\/\/radioimprensa.com.br\/index.php\/wp-json\/wp\/v2\/posts"}],"about":[{"href":"https:\/\/radioimprensa.com.br\/index.php\/wp-json\/wp\/v2\/types\/post"}],"author":[{"embeddable":true,"href":"https:\/\/radioimprensa.com.br\/index.php\/wp-json\/wp\/v2\/users\/1"}],"replies":[{"embeddable":true,"href":"https:\/\/radioimprensa.com.br\/index.php\/wp-json\/wp\/v2\/comments?post=37916"}],"version-history":[{"count":3,"href":"https:\/\/radioimprensa.com.br\/index.php\/wp-json\/wp\/v2\/posts\/37916\/revisions"}],"predecessor-version":[{"id":37921,"href":"https:\/\/radioimprensa.com.br\/index.php\/wp-json\/wp\/v2\/posts\/37916\/revisions\/37921"}],"wp:featuredmedia":[{"embeddable":true,"href":"https:\/\/radioimprensa.com.br\/index.php\/wp-json\/wp\/v2\/media\/37917"}],"wp:attachment":[{"href":"https:\/\/radioimprensa.com.br\/index.php\/wp-json\/wp\/v2\/media?parent=37916"}],"wp:term":[{"taxonomy":"category","embeddable":true,"href":"https:\/\/radioimprensa.com.br\/index.php\/wp-json\/wp\/v2\/categories?post=37916"},{"taxonomy":"post_tag","embeddable":true,"href":"https:\/\/radioimprensa.com.br\/index.php\/wp-json\/wp\/v2\/tags?post=37916"}],"curies":[{"name":"wp","href":"https:\/\/api.w.org\/{rel}","templated":true}]}}