{"id":37923,"date":"2026-09-03T11:41:06","date_gmt":"2026-09-03T14:41:06","guid":{"rendered":"https:\/\/radioimprensa.com.br\/?p=37923"},"modified":"2026-09-03T11:42:44","modified_gmt":"2026-09-03T14:42:44","slug":"viva-o-centro-pede-menos-poluicao-para-mais-qualidade-de-vida","status":"publish","type":"post","link":"https:\/\/radioimprensa.com.br\/index.php\/2026\/09\/03\/viva-o-centro-pede-menos-poluicao-para-mais-qualidade-de-vida\/","title":{"rendered":"Viva o Centro pede menos polui\u00e7\u00e3o para mais qualidade de vida"},"content":{"rendered":"\n<p class=\"wp-block-paragraph\">O Pa\u00e7o das Artes, na Avenida S\u00e3o Jo\u00e3o, 281, no Centro daqui de S\u00e3o Paulo, sediar\u00e1 o semin\u00e1rio \u201cEletromobilidade e Zona de Baixa Emiss\u00e3o (ZBE)\u201d, no pr\u00f3ximo dia 8, a partir das 8 e meia da manh\u00e3.<\/p>\n\n\n\n<p class=\"wp-block-paragraph\">O evento \u00e9 organizado pela Associa\u00e7\u00e3o Viva o Centro e pela SECLIMA (Secretaria Executiva de Mudan\u00e7as Clim\u00e1ticas do Munic\u00edpio de S\u00e3o Paulo), tendo tamb\u00e9m o apoio da Associa\u00e7\u00e3o Brasileira do Ve\u00edculo El\u00e9trico (ABVE) e do Instituto de Engenharia.<\/p>\n\n\n\n<p class=\"wp-block-paragraph\">Na pr\u00e1tica, ser\u00e3o debatidos os seguintes temas: expans\u00e3o da frota el\u00e9trica, descarboniza\u00e7\u00e3o, requalifica\u00e7\u00e3o urbana e o futuro do cora\u00e7\u00e3o hist\u00f3rico da capital paulista.<\/p>\n\n\n\n<p class=\"wp-block-paragraph\">Saiba mais detalhes sobre a proposta e como participar no link vivaocentro.org.br (no campo Blog).<\/p>\n\n\n\n<p class=\"wp-block-paragraph\">Fonte: Associa\u00e7\u00e3o Viva o Centro \/ Imagem: Divulga\u00e7\u00e3o via Associa\u00e7\u00e3o Viva o Centro<\/p>\n\n\n<figure class=\"wp-block-post-featured-image\"><img fetchpriority=\"high\" decoding=\"async\" width=\"519\" height=\"368\" src=\"https:\/\/radioimprensa.com.br\/wp-content\/uploads\/2026\/09\/Viva-o-Centro.jpg\" class=\"attachment-post-thumbnail size-post-thumbnail wp-post-image\" alt=\"\" style=\"object-fit:cover;\" srcset=\"https:\/\/radioimprensa.com.br\/wp-content\/uploads\/2026\/09\/Viva-o-Centro.jpg 519w, https:\/\/radioimprensa.com.br\/wp-content\/uploads\/2026\/09\/Viva-o-Centro-300x213.jpg 300w, https:\/\/radioimprensa.com.br\/wp-content\/uploads\/2026\/09\/Viva-o-Centro-85x60.jpg 85w\" sizes=\"(max-width: 519px) 100vw, 519px\" \/><\/figure>","protected":false},"excerpt":{"rendered":"<p>O Pa\u00e7o das Artes, na Avenida S\u00e3o Jo\u00e3o, 281, no Centro daqui de S\u00e3o Paulo, sediar\u00e1 o semin\u00e1rio \u201cEletromobilidade e Zona de Baixa Emiss\u00e3o (ZBE)\u201d, no pr\u00f3ximo dia 8, a partir das 8 e meia da manh\u00e3. O evento \u00e9 organizado pela Associa\u00e7\u00e3o Viva o Centro e pela SECLIMA (Secretaria Executiva de Mudan\u00e7as Clim\u00e1ticas do &hellip; <\/p>\n","protected":false},"author":1,"featured_media":37924,"comment_status":"open","ping_status":"open","sticky":false,"template":"","format":"standard","meta":{"footnotes":""},"categories":[4],"tags":[],"class_list":["post-37923","post","type-post","status-publish","format-standard","has-post-thumbnail","hentry","category-noticias"],"_links":{"self":[{"href":"https:\/\/radioimprensa.com.br\/index.php\/wp-json\/wp\/v2\/posts\/37923","targetHints":{"allow":["GET"]}}],"collection":[{"href":"https:\/\/radioimprensa.com.br\/index.php\/wp-json\/wp\/v2\/posts"}],"about":[{"href":"https:\/\/radioimprensa.com.br\/index.php\/wp-json\/wp\/v2\/types\/post"}],"author":[{"embeddable":true,"href":"https:\/\/radioimprensa.com.br\/index.php\/wp-json\/wp\/v2\/users\/1"}],"replies":[{"embeddable":true,"href":"https:\/\/radioimprensa.com.br\/index.php\/wp-json\/wp\/v2\/comments?post=37923"}],"version-history":[{"count":2,"href":"https:\/\/radioimprensa.com.br\/index.php\/wp-json\/wp\/v2\/posts\/37923\/revisions"}],"predecessor-version":[{"id":37927,"href":"https:\/\/radioimprensa.com.br\/index.php\/wp-json\/wp\/v2\/posts\/37923\/revisions\/37927"}],"wp:featuredmedia":[{"embeddable":true,"href":"https:\/\/radioimprensa.com.br\/index.php\/wp-json\/wp\/v2\/media\/37924"}],"wp:attachment":[{"href":"https:\/\/radioimprensa.com.br\/index.php\/wp-json\/wp\/v2\/media?parent=37923"}],"wp:term":[{"taxonomy":"category","embeddable":true,"href":"https:\/\/radioimprensa.com.br\/index.php\/wp-json\/wp\/v2\/categories?post=37923"},{"taxonomy":"post_tag","embeddable":true,"href":"https:\/\/radioimprensa.com.br\/index.php\/wp-json\/wp\/v2\/tags?post=37923"}],"curies":[{"name":"wp","href":"https:\/\/api.w.org\/{rel}","templated":true}]}}