{"id":37928,"date":"2026-09-03T11:57:11","date_gmt":"2026-09-03T14:57:11","guid":{"rendered":"https:\/\/radioimprensa.com.br\/?p=37928"},"modified":"2026-09-03T11:57:13","modified_gmt":"2026-09-03T14:57:13","slug":"cancer-de-bexiga-tem-media-de-13-110-casos-por-ano-no-brasil","status":"publish","type":"post","link":"https:\/\/radioimprensa.com.br\/index.php\/2026\/09\/03\/cancer-de-bexiga-tem-media-de-13-110-casos-por-ano-no-brasil\/","title":{"rendered":"C\u00e2ncer de Bexiga tem m\u00e9dia de 13.110 casos por ano no Brasil"},"content":{"rendered":"\n<p class=\"wp-block-paragraph\">Uma pesquisa da Ipsos\/IPEC, encomendada pela Pfizer e pelo Instituto Oncoguia, aponta que 81% das pessoas a partir de 60 anos desconhecem, ou s\u00f3 ouviram falar superficialmente, do C\u00e2ncer de Bexiga.<\/p>\n\n\n\n<p class=\"wp-block-paragraph\">Para m\u00e9dicos, esse \u00edndice de desconhecimento entre os idosos \u00e9 alarmante, at\u00e9 porque os mais velhos (principalmente homens) s\u00e3o o maior grupo de risco do C\u00e2ncer de Bexiga.<\/p>\n\n\n\n<p class=\"wp-block-paragraph\">J\u00e1 dados do INCA (Instituto Nacional do C\u00e2ncer) mostram que os tumores de bexiga atingem m\u00e9dia de 13.110 pacientes por ano, sendo o d\u00e9cimo tipo de c\u00e2ncer mais frequente no Brasil.<\/p>\n\n\n\n<p class=\"wp-block-paragraph\">Apesar do baixo conhecimento sobre sintomas e fatores de risco, 88% dos participantes entendem que o diagn\u00f3stico precoce aumenta as chances de sucesso do tratamento. Esse contraste entre a valoriza\u00e7\u00e3o do diagn\u00f3stico precoce e o desconhecimento sobre sinais de alerta refor\u00e7a a necessidade de conscientiza\u00e7\u00e3o para que os sintomas n\u00e3o sejam ignorados ou confundidos com condi\u00e7\u00f5es mais comuns, como infec\u00e7\u00f5es urin\u00e1rias e c\u00e1lculos renais.<\/p>\n\n\n\n<p class=\"wp-block-paragraph\">Fonte: Pfizer \/ Imagem: Reprodu\u00e7\u00e3o de <a href=\"http:\/\/www.oncoguia.org.br\/cancer\/cancer-de-bexiga\">www.oncoguia.org.br\/cancer\/cancer-de-bexiga<\/a><\/p>\n\n\n<figure class=\"wp-block-post-featured-image\"><img fetchpriority=\"high\" decoding=\"async\" width=\"555\" height=\"406\" src=\"https:\/\/radioimprensa.com.br\/wp-content\/uploads\/2026\/09\/Oncoguia.jpg\" class=\"attachment-post-thumbnail size-post-thumbnail wp-post-image\" alt=\"\" style=\"object-fit:cover;\" srcset=\"https:\/\/radioimprensa.com.br\/wp-content\/uploads\/2026\/09\/Oncoguia.jpg 555w, https:\/\/radioimprensa.com.br\/wp-content\/uploads\/2026\/09\/Oncoguia-300x219.jpg 300w, https:\/\/radioimprensa.com.br\/wp-content\/uploads\/2026\/09\/Oncoguia-82x60.jpg 82w\" sizes=\"(max-width: 555px) 100vw, 555px\" \/><\/figure>","protected":false},"excerpt":{"rendered":"<p>Uma pesquisa da Ipsos\/IPEC, encomendada pela Pfizer e pelo Instituto Oncoguia, aponta que 81% das pessoas a partir de 60 anos desconhecem, ou s\u00f3 ouviram falar superficialmente, do C\u00e2ncer de Bexiga. Para m\u00e9dicos, esse \u00edndice de desconhecimento entre os idosos \u00e9 alarmante, at\u00e9 porque os mais velhos (principalmente homens) s\u00e3o o maior grupo de risco &hellip; <\/p>\n","protected":false},"author":1,"featured_media":37929,"comment_status":"open","ping_status":"open","sticky":false,"template":"","format":"standard","meta":{"footnotes":""},"categories":[1],"tags":[],"class_list":["post-37928","post","type-post","status-publish","format-standard","has-post-thumbnail","hentry","category-sem-categoria"],"_links":{"self":[{"href":"https:\/\/radioimprensa.com.br\/index.php\/wp-json\/wp\/v2\/posts\/37928","targetHints":{"allow":["GET"]}}],"collection":[{"href":"https:\/\/radioimprensa.com.br\/index.php\/wp-json\/wp\/v2\/posts"}],"about":[{"href":"https:\/\/radioimprensa.com.br\/index.php\/wp-json\/wp\/v2\/types\/post"}],"author":[{"embeddable":true,"href":"https:\/\/radioimprensa.com.br\/index.php\/wp-json\/wp\/v2\/users\/1"}],"replies":[{"embeddable":true,"href":"https:\/\/radioimprensa.com.br\/index.php\/wp-json\/wp\/v2\/comments?post=37928"}],"version-history":[{"count":1,"href":"https:\/\/radioimprensa.com.br\/index.php\/wp-json\/wp\/v2\/posts\/37928\/revisions"}],"predecessor-version":[{"id":37930,"href":"https:\/\/radioimprensa.com.br\/index.php\/wp-json\/wp\/v2\/posts\/37928\/revisions\/37930"}],"wp:featuredmedia":[{"embeddable":true,"href":"https:\/\/radioimprensa.com.br\/index.php\/wp-json\/wp\/v2\/media\/37929"}],"wp:attachment":[{"href":"https:\/\/radioimprensa.com.br\/index.php\/wp-json\/wp\/v2\/media?parent=37928"}],"wp:term":[{"taxonomy":"category","embeddable":true,"href":"https:\/\/radioimprensa.com.br\/index.php\/wp-json\/wp\/v2\/categories?post=37928"},{"taxonomy":"post_tag","embeddable":true,"href":"https:\/\/radioimprensa.com.br\/index.php\/wp-json\/wp\/v2\/tags?post=37928"}],"curies":[{"name":"wp","href":"https:\/\/api.w.org\/{rel}","templated":true}]}}